{"id":1129,"date":"2015-04-09T10:10:56","date_gmt":"2015-04-09T08:10:56","guid":{"rendered":"https:\/\/diocesanos.es\/blogs\/leotic\/?p=1129"},"modified":"2015-04-08T13:25:09","modified_gmt":"2015-04-08T11:25:09","slug":"la-anciana-y-sus-semillas","status":"publish","type":"post","link":"https:\/\/diocesanos.es\/blogs\/leotic\/2015\/04\/09\/la-anciana-y-sus-semillas\/","title":{"rendered":"La anciana y sus semillas"},"content":{"rendered":"<div style=\"text-align: justify\"><a href=\"https:\/\/diocesanos.es\/blogs\/leotic\/wp-content\/uploads\/sites\/17\/2015\/04\/semilla.jpg\"><img loading=\"lazy\" decoding=\"async\" class=\" size-medium wp-image-1131 aligncenter\" src=\"https:\/\/diocesanos.es\/blogs\/leotic\/wp-content\/uploads\/sites\/17\/2015\/04\/semilla-300x188.jpg\" alt=\"semilla\" width=\"300\" height=\"188\" srcset=\"https:\/\/diocesanos.es\/blogs\/leotic\/wp-content\/uploads\/sites\/17\/2015\/04\/semilla-300x188.jpg 300w, https:\/\/diocesanos.es\/blogs\/leotic\/wp-content\/uploads\/sites\/17\/2015\/04\/semilla-1024x640.jpg 1024w, https:\/\/diocesanos.es\/blogs\/leotic\/wp-content\/uploads\/sites\/17\/2015\/04\/semilla-368x230.jpg 368w, https:\/\/diocesanos.es\/blogs\/leotic\/wp-content\/uploads\/sites\/17\/2015\/04\/semilla.jpg 1280w\" sizes=\"auto, (max-width: 300px) 100vw, 300px\" \/><\/a><\/div>\n<div style=\"text-align: justify\">Un hombre cog\u00eda cada d\u00eda el autob\u00fas para ir al trabajo.<\/div>\n<div style=\"text-align: justify\">Una parada despu\u00e9s, una anciana sub\u00eda al autob\u00fas y se sentaba al lado de la ventana.<\/div>\n<div style=\"text-align: justify\">La anciana abr\u00eda una bolsa y durante todo el trayecto, iba tirando algo por la ventana. Siempre hac\u00eda lo mismo y un d\u00eda, intrigado, el hombre le pregunt\u00f3 qu\u00e9 era lo que tiraba por la ventana.<\/div>\n<div style=\"text-align: justify\">&#8211; \u00a1Son semillas! &#8211; le dijo la anciana.<\/div>\n<div style=\"text-align: justify\">&#8211; \u00bfSemillas? \u00bfSemillas de qu\u00e9?<\/div>\n<div style=\"text-align: justify\">&#8211; De flores, es que miro afuera y est\u00e1 todo vac\u00edo&#8230; Me gustar\u00eda poder viajar viendo flores durante todo el camino. \u00bfVerdad que ser\u00eda bonito?.<\/div>\n<div style=\"text-align: justify\">&#8211; Pero las semillas caen encima del asfalto, las aplastan los coches, se las comen los p\u00e1jaros&#8230; \u00bfCree que sus semillas germinar\u00e1n al lado del camino?<\/div>\n<div style=\"text-align: justify\">&#8211; Seguro que s\u00ed. Aunque algunas se pierdan, algunas acabar\u00e1n en la cuneta y, con el tiempo, brotar\u00e1n.<\/div>\n<div style=\"text-align: justify\">&#8211; Pero&#8230; Tardar\u00e1n en crecer, necesitan agua&#8230;<\/div>\n<div style=\"text-align: justify\">&#8211; Yo hago lo que puedo hacer. \u00a1Ya vendr\u00e1n los d\u00edas de lluvia!<\/div>\n<p style=\"text-align: justify\">\nLa anciana sigui\u00f3 con su trabajo&#8230;<\/p>\n<p>Y el hombre baj\u00f3 del autob\u00fas para ir a trabajar, pensando que la anciana hab\u00eda perdido un poco la cabeza.<\/p>\n<p style=\"text-align: justify\">Unos meses despu\u00e9s&#8230; yendo al trabajo, el hombre, al mirar por la ventana, vio todo el camino lleno de flores&#8230; \u00a1Todo lo que ve\u00eda era un colorido y florido paisaje! Se acord\u00f3 de la anciana, pero hac\u00eda d\u00edas que no la hab\u00eda visto.\u00a0 Pregunt\u00f3 al conductor:<\/p>\n<p style=\"text-align: justify\">&#8211; \u00bfQu\u00e9 hay de la anciana de las semillas?<br \/>\n&#8211; Pues, ya hace un mes que muri\u00f3.<\/p>\n<p>El hombre volvi\u00f3 a su asiento y sigui\u00f3 mirando el paisaje.<\/p>\n<p>&#8211; Las flores han brotado, se dijo, pero \u00bfde qu\u00e9 le ha servido su trabajo?. No ha podido ver su obra.<\/p>\n<p>De repente, oy\u00f3 la risa de una ni\u00f1a peque\u00f1a que se\u00f1alaba entusiasmada las flores&#8230;<\/p>\n<p>\u00a1Mira pap\u00e1! \u00a1Mira cuantas flores!<\/p>\n<p>La anciana de nuestra historia hab\u00eda hecho su trabajo y dej\u00f3 su herencia a todos los que la pudieran recibir, a todos los que pudieran contemplarla y ser m\u00e1s felices.<\/p>\n<p>Dicen que aquel hombre, desde aquel d\u00eda, hace el viaje de casa al trabajo con una bolsa de semillas.<\/p>\n<p><b>Este cuento\u00a0 est\u00e1 dedicado a padres, maestros, profesionales de la ense\u00f1anza y todas las personas que educan. <\/b><\/p>\n<p style=\"text-align: justify\"><b>No os desanim\u00e9is nunca.<\/b><\/p>\n","protected":false},"excerpt":{"rendered":"<p>Un hombre cog\u00eda cada d\u00eda el autob\u00fas para ir al trabajo. Una parada despu\u00e9s, una anciana sub\u00eda al autob\u00fas y se sentaba al lado de la ventana. La anciana abr\u00eda una bolsa y durante todo el trayecto, iba tirando algo por la ventana. Siempre hac\u00eda lo mismo y un d\u00eda, intrigado, el hombre le pregunt\u00f3 [&hellip;]<\/p>\n","protected":false},"author":35,"featured_media":0,"comment_status":"closed","ping_status":"closed","sticky":false,"template":"","format":"standard","meta":{"footnotes":""},"categories":[1],"tags":[],"class_list":["post-1129","post","type-post","status-publish","format-standard","hentry","category-sin-categoria"],"_links":{"self":[{"href":"https:\/\/diocesanos.es\/blogs\/leotic\/wp-json\/wp\/v2\/posts\/1129","targetHints":{"allow":["GET"]}}],"collection":[{"href":"https:\/\/diocesanos.es\/blogs\/leotic\/wp-json\/wp\/v2\/posts"}],"about":[{"href":"https:\/\/diocesanos.es\/blogs\/leotic\/wp-json\/wp\/v2\/types\/post"}],"author":[{"embeddable":true,"href":"https:\/\/diocesanos.es\/blogs\/leotic\/wp-json\/wp\/v2\/users\/35"}],"replies":[{"embeddable":true,"href":"https:\/\/diocesanos.es\/blogs\/leotic\/wp-json\/wp\/v2\/comments?post=1129"}],"version-history":[{"count":0,"href":"https:\/\/diocesanos.es\/blogs\/leotic\/wp-json\/wp\/v2\/posts\/1129\/revisions"}],"wp:attachment":[{"href":"https:\/\/diocesanos.es\/blogs\/leotic\/wp-json\/wp\/v2\/media?parent=1129"}],"wp:term":[{"taxonomy":"category","embeddable":true,"href":"https:\/\/diocesanos.es\/blogs\/leotic\/wp-json\/wp\/v2\/categories?post=1129"},{"taxonomy":"post_tag","embeddable":true,"href":"https:\/\/diocesanos.es\/blogs\/leotic\/wp-json\/wp\/v2\/tags?post=1129"}],"curies":[{"name":"wp","href":"https:\/\/api.w.org\/{rel}","templated":true}]}}