{"id":110,"date":"2013-05-24T21:10:04","date_gmt":"2013-05-24T19:10:04","guid":{"rendered":"https:\/\/diocesanos.es\/blogs\/leotic\/?p=110"},"modified":"2015-02-12T21:12:46","modified_gmt":"2015-02-12T20:12:46","slug":"que-es-un-rey-para-ti","status":"publish","type":"post","link":"https:\/\/diocesanos.es\/blogs\/leotic\/2013\/05\/24\/que-es-un-rey-para-ti\/","title":{"rendered":"\u00bfQu\u00e9 es un Rey para ti?"},"content":{"rendered":"<p>&nbsp;<\/p>\n<p style=\"text-align: center\"><a href=\"https:\/\/diocesanos.es\/blogs\/leotic\/wp-content\/uploads\/sites\/17\/2015\/02\/rey.jpg\"><img loading=\"lazy\" decoding=\"async\" class=\"alignnone size-medium wp-image-111\" src=\"https:\/\/diocesanos.es\/blogs\/leotic\/wp-content\/uploads\/sites\/17\/2015\/02\/rey-225x300.jpg\" alt=\"rey\" width=\"225\" height=\"300\" srcset=\"https:\/\/diocesanos.es\/blogs\/leotic\/wp-content\/uploads\/sites\/17\/2015\/02\/rey-225x300.jpg 225w, https:\/\/diocesanos.es\/blogs\/leotic\/wp-content\/uploads\/sites\/17\/2015\/02\/rey-173x230.jpg 173w, https:\/\/diocesanos.es\/blogs\/leotic\/wp-content\/uploads\/sites\/17\/2015\/02\/rey.jpg 480w\" sizes=\"auto, (max-width: 225px) 100vw, 225px\" \/><\/a><\/p>\n<p style=\"text-align: justify\">Nuestro compa\u00f1ero de 2.\u00ba de ESO, <strong>Alejandro Garc\u00eda Mart\u00edn,<\/strong> se clasific\u00f3 entre los 15 mejores de Espa\u00f1a en la categor\u00eda multimedia de este Concurso escolar.<\/p>\n<p style=\"text-align: justify\">Su trabajo consist\u00eda en una presentaci\u00f3n en Power Point en la que compart\u00eda con los dem\u00e1s 5 aspectos que para \u00e9l son fundamentales en la figura de nuestro <strong>Rey<\/strong>, destacando su compromiso, honestidad, preparaci\u00f3n intelectual, su capacidad de unificar y sobre todo sus cualidades humanas en todo tipo de relaciones sociales.<\/p>\n<p style=\"text-align: center\">\u00a1\u00a1\u00a1\u00a1Enhorabuena!!!!<\/p>\n","protected":false},"excerpt":{"rendered":"<p>&nbsp; Nuestro compa\u00f1ero de 2.\u00ba de ESO, Alejandro Garc\u00eda Mart\u00edn, se clasific\u00f3 entre los 15 mejores de Espa\u00f1a en la categor\u00eda multimedia de este Concurso escolar. Su trabajo consist\u00eda en una presentaci\u00f3n en Power Point en la que compart\u00eda con los dem\u00e1s 5 aspectos que para \u00e9l son fundamentales en la figura de nuestro Rey, [&hellip;]<\/p>\n","protected":false},"author":35,"featured_media":0,"comment_status":"closed","ping_status":"closed","sticky":false,"template":"","format":"standard","meta":{"footnotes":""},"categories":[1],"tags":[8,6,4,12,14,2],"class_list":["post-110","post","type-post","status-publish","format-standard","hentry","category-sin-categoria","tag-colegio-diocesano","tag-concurso","tag-creatividad","tag-eso","tag-premio","tag-secundaria"],"_links":{"self":[{"href":"https:\/\/diocesanos.es\/blogs\/leotic\/wp-json\/wp\/v2\/posts\/110","targetHints":{"allow":["GET"]}}],"collection":[{"href":"https:\/\/diocesanos.es\/blogs\/leotic\/wp-json\/wp\/v2\/posts"}],"about":[{"href":"https:\/\/diocesanos.es\/blogs\/leotic\/wp-json\/wp\/v2\/types\/post"}],"author":[{"embeddable":true,"href":"https:\/\/diocesanos.es\/blogs\/leotic\/wp-json\/wp\/v2\/users\/35"}],"replies":[{"embeddable":true,"href":"https:\/\/diocesanos.es\/blogs\/leotic\/wp-json\/wp\/v2\/comments?post=110"}],"version-history":[{"count":0,"href":"https:\/\/diocesanos.es\/blogs\/leotic\/wp-json\/wp\/v2\/posts\/110\/revisions"}],"wp:attachment":[{"href":"https:\/\/diocesanos.es\/blogs\/leotic\/wp-json\/wp\/v2\/media?parent=110"}],"wp:term":[{"taxonomy":"category","embeddable":true,"href":"https:\/\/diocesanos.es\/blogs\/leotic\/wp-json\/wp\/v2\/categories?post=110"},{"taxonomy":"post_tag","embeddable":true,"href":"https:\/\/diocesanos.es\/blogs\/leotic\/wp-json\/wp\/v2\/tags?post=110"}],"curies":[{"name":"wp","href":"https:\/\/api.w.org\/{rel}","templated":true}]}}