{"id":107,"date":"2013-05-24T11:56:00","date_gmt":"2013-05-24T09:56:00","guid":{"rendered":"https:\/\/diocesanos.es\/blogs\/leotic\/?p=107"},"modified":"2015-02-12T21:09:04","modified_gmt":"2015-02-12T20:09:04","slug":"v-certamen-de-relato-breve","status":"publish","type":"post","link":"https:\/\/diocesanos.es\/blogs\/leotic\/2013\/05\/24\/v-certamen-de-relato-breve\/","title":{"rendered":"V Certamen de Relato Breve"},"content":{"rendered":"<p>Los profesores del <strong>Departamento de Lengua Castellana y Literatura<\/strong> de los Colegios Diocesanos, <a href=\"http:\/\/www.dioceavila.com\/\">Asunci\u00f3n de Nuestra Se\u00f1ora<\/a> y <a href=\"http:\/\/www.colegiopablovi.es\/\">Pablo VI<\/a>, se reunieron el pasado lunes, 13 de Mayo, para seleccionar los mejores relatos.<\/p>\n<p>Se presentaron un total de 68 trabajos. Los ganadores podr\u00e1n recoger sus correspondientes premios el D\u00eda de la Familia, que se celebrar\u00e1 el pr\u00f3ximo 8 de Junio.<\/p>\n<p>CONOCE LA RELACI\u00d3N DE GANADORES, Y DISFRUTA LEYENDO LOS MEJORES TEXTOS<br \/>\nLos premiados en las diferentes categor\u00edas son:<\/p>\n<p><strong>CATEGOR\u00cdA A: ESO<\/strong><\/p>\n<p>Primer Premio:<\/p>\n<p style=\"padding-left: 30px\">Celia Miranda Jim\u00e9nez, Curso: 2\u00ba ESO D<\/p>\n<p style=\"padding-left: 30px\">(Colegio Asunci\u00f3n de Nuestra Se\u00f1ora)<\/p>\n<p>Segundo Premio:<\/p>\n<p style=\"padding-left: 30px\">Roc\u00edo Pindado de San Juan, Curso: 2\u00ba ESO D<\/p>\n<p style=\"padding-left: 30px\">(Colegio Asunci\u00f3n de Nuestra Se\u00f1ora)<\/p>\n<p>Tercer Premio:<\/p>\n<p style=\"padding-left: 30px\">Raquel Gal\u00e1n Garc\u00eda, Curso: 2\u00ba ESO C<\/p>\n<p style=\"padding-left: 30px\">(Colegio Pablo VI)<\/p>\n<p><strong>CATEGOR\u00cdA B: BACHILLERATO Y CICLOS<\/strong><\/p>\n<p>Primer Premio:<\/p>\n<p style=\"padding-left: 30px\">Dar\u00edo Delgado Ramos, Curso: 2\u00ba BACHILLERATO C<\/p>\n<p>Segundo Premio:<\/p>\n<p style=\"padding-left: 30px\">Jes\u00fas Mart\u00edn Gonz\u00e1lez, Curso: 2\u00ba BACHILLERATO A<\/p>\n<p>Tercer Premio:<\/p>\n<p style=\"padding-left: 30px\">Basilio Willem Campillo Mareen, Curso: 1\u00ba BACHILLERATO A<\/p>\n<p style=\"text-align: center\"><strong>\u00a1\u00a1Enhorabuena a todos!!<\/strong><\/p>\n<p style=\"text-align: center\">\n<p style=\"text-align: center\"><a href=\"https:\/\/diocesanos.es\/blogs\/leotic\/wp-content\/uploads\/sites\/17\/2015\/02\/relato-corto1.jpg\"><img loading=\"lazy\" decoding=\"async\" class=\"alignnone size-medium wp-image-108\" src=\"https:\/\/diocesanos.es\/blogs\/leotic\/wp-content\/uploads\/sites\/17\/2015\/02\/relato-corto1-300x268.jpg\" alt=\"relato corto\" width=\"300\" height=\"268\" srcset=\"https:\/\/diocesanos.es\/blogs\/leotic\/wp-content\/uploads\/sites\/17\/2015\/02\/relato-corto1-300x268.jpg 300w, https:\/\/diocesanos.es\/blogs\/leotic\/wp-content\/uploads\/sites\/17\/2015\/02\/relato-corto1-258x230.jpg 258w, https:\/\/diocesanos.es\/blogs\/leotic\/wp-content\/uploads\/sites\/17\/2015\/02\/relato-corto1.jpg 335w\" sizes=\"auto, (max-width: 300px) 100vw, 300px\" \/><\/a><\/p>\n<p>&nbsp;<\/p>\n<p><strong>PRIMER PREMIO &#8211; CATEGOR\u00cdA A<\/strong><\/p>\n<p>EL DESHAUCIO<\/p>\n<p>De repente, llamaron a la puerta, mi madre, bastante asustada fue a abrir. Eran esos dos polic\u00edas que ven\u00edan a menudo a visitarnos. Yo no sab\u00eda por qu\u00e9 mi madre les ten\u00eda tanto miedo, porque a m\u00ed, francamente, me parec\u00edan bastante agradables. Pero unos minutos m\u00e1s tarde me di cuenta de lo que pasaba. Ellos ven\u00edan a echarnos de nuestra casa, el hogar en el que hab\u00edamos vivido durante 5 a\u00f1os, mis padres, mi abuelo Antonio, mis hermanos y yo. Yo no entend\u00eda nada. \u00bfPor qu\u00e9 nos la quitaban? \u00bfD\u00f3nde \u00edbamos a vivir?<\/p>\n<p>De lo \u00fanico que me acuerdo, es que al salir de nuestra casa, hab\u00eda un mont\u00f3n de gente fuera gritando con pancartas, all\u00ed estaba la vecina de abajo, Do\u00f1a Petri, que siempre se quejaba del ruido que mont\u00e1bamos mi hermano Alejandro y yo jugando con el bal\u00f3n en casa; la familia de colombianos que viv\u00eda a nuestra derecha y ten\u00edan una hija de quince a\u00f1os que hac\u00eda til\u00edn a mi hermano Luis, el mayor. Y muchos m\u00e1s, algunos que ni siquiera me sonaban de vista.<\/p>\n<p>Yo solo mantengo en el recuerdo vago de aquel d\u00eda, un infinito agradecimiento por todas aquellas personas.<\/p>\n<p style=\"text-align: right\"><strong>Celia Miranda Jim\u00e9nez\u00a0(2\u00ba ESO D)<\/strong><\/p>\n<p><strong>SEGUNDO PREMIO &#8211; CATEGOR\u00cdA A<\/strong><\/p>\n<p>LA TIENDA<\/p>\n<p>.. Y all\u00ed est\u00e1bamos nosotras una tarde m\u00e1s sentadas en aquel banco de piedra centenario, que nos ofrec\u00eda descanso y desde el cual se consegu\u00eda ver todo lo que ocurr\u00eda en la peque\u00f1a plaza mayor.<\/p>\n<p>De repente apareci\u00f3 para abrir su tienda de peces de colores, D. Jes\u00fas, a quien nosotras, debido a su larga barba blanca y su pronunciada barriga, llam\u00e1bamos cari\u00f1osamente Chuchi.<\/p>\n<p>D. Jes\u00fas, se agach\u00f3 para levantar una vieja y pesada verja de hierro que daba protecci\u00f3n al local ante posibles robos. Hizo un primer intento de alzarla pero no se movi\u00f3. Con m\u00e1s energ\u00eda, prob\u00f3 una segunda vez pero, debido a su enorme peso, apenas subi\u00f3 un par de cent\u00edmetros. Pareci\u00f3 desesperarse, pues aunque hab\u00eda realizado un gran esfuerzo, no hab\u00eda conseguido su objetivo.<\/p>\n<p>Bast\u00f3 una sola mirada de complicidad entre Andrea, Patricia y yo para que las tres nos dirigi\u00e9semos a ayudar a D. Jes\u00fas con aquella tarea que se le resist\u00eda.<\/p>\n<p style=\"text-align: justify\">\u00bb Vamos D. Jes\u00fas \u00bb &#8211; dijo Andrea, seguro que entre los cuatro conseguiremos levantarla. \u00bb A la de tres \u00bb &#8211; dijo D. Jes\u00fas, y haciendo fuerza todos juntos, aquella antigua y pesada verja se levant\u00f3 como si de un fino papel se tratara.<\/p>\n<p style=\"text-align: right\"><strong>Roc\u00edo Pindado de San Juan\u00a0(2\u00ba ESO D)<\/strong><\/p>\n<p style=\"text-align: justify\"><strong>TERCER PREMIO &#8211; CATEGOR\u00cdA A<\/strong><\/p>\n<p style=\"text-align: justify\">EL CORAZ\u00d3N DE KARUM<\/p>\n<p style=\"text-align: justify\">Hola, me llamo Karum, y esta es mi historia. A\u00f1o 1994, d\u00eda 25 de Agosto, lleg\u00f3 una patera a Espa\u00f1a que ven\u00eda de Argelia. En ella estaban mis padres y yo. Cuando la patera lleg\u00f3 a tierra, mi madre me dio a luz, pero no sobrevivi\u00f3 y muri\u00f3. Cuando la polic\u00eda lleg\u00f3 solo me encontraron a m\u00ed y el cuerpo de mi madre. Ellos me llevaron a un Monasterio en Granada, all\u00ed las monjas me dieron todo lo que necesitaba, pero en especial la Hermana Laura. Pasaron los a\u00f1os en el Monasterio y el m\u00e9dico me diagnostic\u00f3 un problema en el ri\u00f1\u00f3n y le dijo a Laura que como no me operaran pronto yo morir\u00eda. Ella con el gran coraz\u00f3n que ten\u00eda me dio el suyo. Pasaron los d\u00edas y Laura no logr\u00f3 vivir con un solo ri\u00f1\u00f3n y muri\u00f3. En mi vida pasaron tantas cosas con tan pocos a\u00f1os, dos grandes mujeres dieron la vida por m\u00ed, ahora tengo 19 a\u00f1os y estoy estudiando para ser sacerdote, para poder seguir entreg\u00e1ndome a los dem\u00e1s como los que dieron la vida por m\u00ed.<\/p>\n<p style=\"text-align: right\"><strong>Raquel Gal\u00e1n Garc\u00eda\u00a0(2\u00ba ESO C)<\/strong><\/p>\n<p style=\"text-align: justify\"><strong>PRIMER PREMIO &#8211; CATEGOR\u00cdA B<\/strong><\/p>\n<p style=\"text-align: justify\">EL COMPA\u00d1ERO<\/p>\n<p style=\"text-align: justify\">\u201c\u00bfEs esta la vida que habr\u00eda querido vivir, yendo a trabajar todas las madrugadas por esta carretera oscura, en este decr\u00e9pito coche?\u201d, pensaba mientras avanzaba entre la bruma. Dos brillos repentinos junto a la carretera. \u201c\u00bfDos ojos?. Qu\u00e9 m\u00e1s dar\u00e1. \u00a1S\u00ed, son dos ojos!\u201d. Y entonces su noche cobr\u00f3 sentido. El d\u00eda sol\u00eda comenzar con la sonrisa de aquella compa\u00f1era a la que siempre hab\u00eda pensado en invitar a cenar, pero de pronto no qued\u00f3 sitio en su cuerpo m\u00e1s que para una nueva sensaci\u00f3n. \u00bfQu\u00e9 era, aprecio del sentir ajeno, curiosidad, o miedo?. Ten\u00eda que detenerse. Ya hab\u00eda cesado el brillo, pero palp\u00f3 el terreno hasta encontrarlo. Era un hombre harapiento. Sin dudarlo un momento recogi\u00f3 en su coche aquella alma en pena. No sab\u00eda qui\u00e9n era, su historia, ni siquiera su nombre, pero ese no era el problema. No deb\u00eda haber sido la suya una vida f\u00e1cil, pens\u00f3, mientras tambi\u00e9n pensaba en la que cre\u00eda su condena, que ahora era suerte, en su vida ahora plena.<\/p>\n<p style=\"text-align: right\"><strong>Dar\u00edo Delgado Ramos\u00a0(2\u00ba BACHILLERATO A)<\/strong><\/p>\n<p style=\"text-align: justify\"><strong>SEGUNDO PREMIO- CATEGOR\u00cdA B<\/strong><\/p>\n<p style=\"text-align: justify\">No exist\u00edan por aquel entonces los iPhones, ni la radio, ni tan siquiera exist\u00edan las ciudades. Todo ocurri\u00f3 mucho antes, cuando en la creaci\u00f3n se le dio a cada persona un bien; a unos semillas, a otros agua, a otros la luz, a otros tierra f\u00e9rtil\u2026Los hombres y las mujeres viv\u00edan cada uno por su lado, vagabundeaban de un rinc\u00f3n a otro de la tierra vigilando no perder sus posesiones y, si pod\u00edan, apoderarse de los de las personas que no lo hac\u00edan<\/p>\n<p style=\"text-align: justify\">Es as\u00ed como pasaban todo tipo de penurias, pues los d\u00e9biles no sobreviv\u00edan al perder los objetos con los que sobreviv\u00edan, y los fuertes no consegu\u00edan que prosperaran los suyos. Si ten\u00edan las semillas y el agua, les faltaba la tierra. Si ten\u00edan la tierra y las semillas, les faltaba el agua.<\/p>\n<p style=\"text-align: justify\">Pero un grupo de peque\u00f1os, asustados, decidieron poner lo que ten\u00eda cada uno al servicio de los dem\u00e1s. As\u00ed juntaron las semillas con la tierra f\u00e9rtil, a\u00f1adieron el agua, y por \u00faltimo la luz. No solo consiguieron sobrevivir, sino hacerlo de forma c\u00f3moda. No solo dieron una lecci\u00f3n a sus mayores, sino que ense\u00f1aron lo que es la solidaridad al resto del mundo.<\/p>\n<p style=\"text-align: justify\"><strong>Jes\u00fas Mart\u00edn Gonz\u00e1lez\u00a0(2\u00ba BACHILLERATO A)<\/strong><\/p>\n<p style=\"text-align: justify\"><strong>TERCER PREMIO- CATEGOR\u00cdA B<\/strong><\/p>\n<p style=\"text-align: justify\">[\u2026] Lo que Mazanu no llegaba a comprender era c\u00f3mo Miguel, hombre europeo, fuerte y corpulento, de cabellera corta y negra, fuerte semblante y tez morena, debido a su constante exposici\u00f3n al poderoso sol africano, pod\u00eda levantarse cada uno de los d\u00edas a las cinco, cuando a\u00fan ni si quiera los t\u00edmidos rayos de sol se asomaban por la colina de Chizarira, sacar el ganado y orde\u00f1arlo, arar la tierra hasta que su frente quedaba completamente empapada por el sudor y trabajar hasta la puesta de sol en aquel pozo que pronto les traer\u00eda agua.<\/p>\n<p style=\"text-align: justify\">Mientras pensaba esto alz\u00f3 la vista y contempl\u00f3 c\u00f3mo se le escapaba una t\u00edmida sonrisa a Miguel mientras terminaba de cementar la base del pozo, en ese momento lo entendi\u00f3, quiz\u00e1s esa era su felicidad.<\/p>\n<p style=\"text-align: right\"><strong>Basilio Willem Campillo (1\u00ba BACHILLERATO A)<\/strong><\/p>\n","protected":false},"excerpt":{"rendered":"<p>Los profesores del Departamento de Lengua Castellana y Literatura de los Colegios Diocesanos, Asunci\u00f3n de Nuestra Se\u00f1ora y Pablo VI, se reunieron el pasado lunes, 13 de Mayo, para seleccionar los mejores relatos. Se presentaron un total de 68 trabajos. Los ganadores podr\u00e1n recoger sus correspondientes premios el D\u00eda de la Familia, que se celebrar\u00e1 [&hellip;]<\/p>\n","protected":false},"author":35,"featured_media":0,"comment_status":"closed","ping_status":"closed","sticky":false,"template":"","format":"standard","meta":{"footnotes":""},"categories":[1],"tags":[5,8,6,13,4,3,12,14,2],"class_list":["post-107","post","type-post","status-publish","format-standard","hentry","category-sin-categoria","tag-bachillerato","tag-colegio-diocesano","tag-concurso","tag-creacion-literaria","tag-creatividad","tag-escritura","tag-eso","tag-premio","tag-secundaria"],"_links":{"self":[{"href":"https:\/\/diocesanos.es\/blogs\/leotic\/wp-json\/wp\/v2\/posts\/107","targetHints":{"allow":["GET"]}}],"collection":[{"href":"https:\/\/diocesanos.es\/blogs\/leotic\/wp-json\/wp\/v2\/posts"}],"about":[{"href":"https:\/\/diocesanos.es\/blogs\/leotic\/wp-json\/wp\/v2\/types\/post"}],"author":[{"embeddable":true,"href":"https:\/\/diocesanos.es\/blogs\/leotic\/wp-json\/wp\/v2\/users\/35"}],"replies":[{"embeddable":true,"href":"https:\/\/diocesanos.es\/blogs\/leotic\/wp-json\/wp\/v2\/comments?post=107"}],"version-history":[{"count":0,"href":"https:\/\/diocesanos.es\/blogs\/leotic\/wp-json\/wp\/v2\/posts\/107\/revisions"}],"wp:attachment":[{"href":"https:\/\/diocesanos.es\/blogs\/leotic\/wp-json\/wp\/v2\/media?parent=107"}],"wp:term":[{"taxonomy":"category","embeddable":true,"href":"https:\/\/diocesanos.es\/blogs\/leotic\/wp-json\/wp\/v2\/categories?post=107"},{"taxonomy":"post_tag","embeddable":true,"href":"https:\/\/diocesanos.es\/blogs\/leotic\/wp-json\/wp\/v2\/tags?post=107"}],"curies":[{"name":"wp","href":"https:\/\/api.w.org\/{rel}","templated":true}]}}