{"id":1064,"date":"2015-04-07T11:27:04","date_gmt":"2015-04-07T09:27:04","guid":{"rendered":"https:\/\/diocesanos.es\/blogs\/leotic\/?p=1064"},"modified":"2015-04-07T11:27:04","modified_gmt":"2015-04-07T09:27:04","slug":"manual-para-sonar","status":"publish","type":"post","link":"https:\/\/diocesanos.es\/blogs\/leotic\/2015\/04\/07\/manual-para-sonar\/","title":{"rendered":"Manual para so\u00f1ar"},"content":{"rendered":"<p style=\"text-align: center\">\n<p style=\"text-align: justify\"><a href=\"https:\/\/diocesanos.es\/blogs\/leotic\/wp-content\/uploads\/sites\/17\/2015\/04\/9788494151347.jpg\"><img loading=\"lazy\" decoding=\"async\" class=\" size-medium wp-image-1066 aligncenter\" src=\"https:\/\/diocesanos.es\/blogs\/leotic\/wp-content\/uploads\/sites\/17\/2015\/04\/9788494151347-281x300.jpg\" alt=\"9788494151347\" width=\"281\" height=\"300\" srcset=\"https:\/\/diocesanos.es\/blogs\/leotic\/wp-content\/uploads\/sites\/17\/2015\/04\/9788494151347-281x300.jpg 281w, https:\/\/diocesanos.es\/blogs\/leotic\/wp-content\/uploads\/sites\/17\/2015\/04\/9788494151347-216x230.jpg 216w, https:\/\/diocesanos.es\/blogs\/leotic\/wp-content\/uploads\/sites\/17\/2015\/04\/9788494151347.jpg 938w\" sizes=\"auto, (max-width: 281px) 100vw, 281px\" \/><\/a><\/p>\n<p style=\"text-align: justify\">\u00bfA qui\u00e9n no le gustar\u00eda tener una gu\u00eda\u00a0que le ense\u00f1ara a alcanzar sus sue\u00f1os?<\/p>\n<p style=\"text-align: justify\">Acabamos de descubrir un libro que te queremos recomendar:\u00a0<strong>Manual para so\u00f1ar.<\/strong><\/p>\n<p style=\"text-align: justify\">Se trata de una obra literaria recomendada para ni\u00f1os de entre 7 y 12 a\u00f1os.<\/p>\n<p style=\"text-align: justify\">Se trata de\u00a0un libro bello, apasionante, en el que el\u00a0peque\u00f1o lector es protagonista\u00a0de una gran expedici\u00f3n interior.<\/p>\n<p style=\"text-align: justify\">En ese viaje, el ni\u00f1o\u00a0se va conociendo mejor a s\u00ed mismo y, paralelamente, de una manera natural y sencilla, va descubriendo c\u00f3mo alcanzar sus sue\u00f1os.<\/p>\n<p style=\"text-align: justify\">A trav\u00e9s de este <a href=\"https:\/\/youtu.be\/nq4nKtVQYSQ\">v\u00eddeo<\/a> podr\u00e1s ver la presentaci\u00f3n que hacen de la obra dos de sus autores.<\/p>\n<p style=\"text-align: justify\">Estamos seguros que te gustar\u00e1 encontrar tus sue\u00f1os<\/p>\n","protected":false},"excerpt":{"rendered":"<p>\u00bfA qui\u00e9n no le gustar\u00eda tener una gu\u00eda\u00a0que le ense\u00f1ara a alcanzar sus sue\u00f1os? Acabamos de descubrir un libro que te queremos recomendar:\u00a0Manual para so\u00f1ar. Se trata de una obra literaria recomendada para ni\u00f1os de entre 7 y 12 a\u00f1os. Se trata de\u00a0un libro bello, apasionante, en el que el\u00a0peque\u00f1o lector es protagonista\u00a0de una gran [&hellip;]<\/p>\n","protected":false},"author":35,"featured_media":0,"comment_status":"closed","ping_status":"closed","sticky":false,"template":"","format":"standard","meta":{"footnotes":""},"categories":[1],"tags":[],"class_list":["post-1064","post","type-post","status-publish","format-standard","hentry","category-sin-categoria"],"_links":{"self":[{"href":"https:\/\/diocesanos.es\/blogs\/leotic\/wp-json\/wp\/v2\/posts\/1064","targetHints":{"allow":["GET"]}}],"collection":[{"href":"https:\/\/diocesanos.es\/blogs\/leotic\/wp-json\/wp\/v2\/posts"}],"about":[{"href":"https:\/\/diocesanos.es\/blogs\/leotic\/wp-json\/wp\/v2\/types\/post"}],"author":[{"embeddable":true,"href":"https:\/\/diocesanos.es\/blogs\/leotic\/wp-json\/wp\/v2\/users\/35"}],"replies":[{"embeddable":true,"href":"https:\/\/diocesanos.es\/blogs\/leotic\/wp-json\/wp\/v2\/comments?post=1064"}],"version-history":[{"count":0,"href":"https:\/\/diocesanos.es\/blogs\/leotic\/wp-json\/wp\/v2\/posts\/1064\/revisions"}],"wp:attachment":[{"href":"https:\/\/diocesanos.es\/blogs\/leotic\/wp-json\/wp\/v2\/media?parent=1064"}],"wp:term":[{"taxonomy":"category","embeddable":true,"href":"https:\/\/diocesanos.es\/blogs\/leotic\/wp-json\/wp\/v2\/categories?post=1064"},{"taxonomy":"post_tag","embeddable":true,"href":"https:\/\/diocesanos.es\/blogs\/leotic\/wp-json\/wp\/v2\/tags?post=1064"}],"curies":[{"name":"wp","href":"https:\/\/api.w.org\/{rel}","templated":true}]}}