{"id":31,"date":"2015-11-16T19:18:25","date_gmt":"2015-11-16T19:18:25","guid":{"rendered":"https:\/\/diocesanos.es\/blogs\/escueladepadres\/?p=31"},"modified":"2015-11-16T19:24:54","modified_gmt":"2015-11-16T19:24:54","slug":"cuestionario-de-la-escuela-de-padres-curso-2015-16","status":"publish","type":"post","link":"https:\/\/diocesanos.es\/blogs\/escueladepadres\/2015\/11\/16\/cuestionario-de-la-escuela-de-padres-curso-2015-16\/","title":{"rendered":"CUESTIONARIO DE LA ESCUELA DE  PADRES CURSO 2015-16"},"content":{"rendered":"<p style=\"text-align: justify\">Durante este curso 2015-16, el centro va a poner \u00a0en marcha<strong>\u00a0 la Escuela de Padres \u00a0en ESO<\/strong>, con una doble finalidad:<\/p>\n<ul>\n<li style=\"text-align: justify\">Dar continuidad al proyecto iniciado el curso pasado en las etapas de Infantil y Primaria.<\/li>\n<li style=\"text-align: justify\">Proporcionar a las familias informaci\u00f3n y formaci\u00f3n que les permita comprender y dar respuesta a las principales dudas e inquietudes sobre el desarrollo y la educaci\u00f3n de sus hijos, para poder solventar los peque\u00f1os conflictos cotidianos que en todas las familias se viven.<\/li>\n<\/ul>\n<p style=\"text-align: justify\">Con el objetivo \u00a0de conocer sus preferencias y poder tenerlas en cuenta, realizamos un cuestionario en la primera reuni\u00f3n de padres cuyos resultados exponemos en la siguiente tabla:<\/p>\n<p><a href=\"https:\/\/diocesanos.es\/blogs\/escueladepadres\/wp-content\/uploads\/sites\/24\/2015\/11\/resultados.png\"><img loading=\"lazy\" decoding=\"async\" class=\"aligncenter wp-image-32\" src=\"https:\/\/diocesanos.es\/blogs\/escueladepadres\/wp-content\/uploads\/sites\/24\/2015\/11\/resultados.png\" alt=\"resultados\" width=\"400\" height=\"437\" srcset=\"https:\/\/diocesanos.es\/blogs\/escueladepadres\/wp-content\/uploads\/sites\/24\/2015\/11\/resultados.png 360w, https:\/\/diocesanos.es\/blogs\/escueladepadres\/wp-content\/uploads\/sites\/24\/2015\/11\/resultados-275x300.png 275w, https:\/\/diocesanos.es\/blogs\/escueladepadres\/wp-content\/uploads\/sites\/24\/2015\/11\/resultados-211x230.png 211w\" sizes=\"auto, (max-width: 400px) 100vw, 400px\" \/><\/a><\/p>\n","protected":false},"excerpt":{"rendered":"<p>Durante este curso 2015-16, el centro va a poner \u00a0en marcha\u00a0 la Escuela de Padres \u00a0en ESO, con una doble finalidad: Dar continuidad al proyecto iniciado el curso pasado en las etapas de Infantil y Primaria. Proporcionar a las familias informaci\u00f3n y formaci\u00f3n que les permita comprender y dar respuesta a las principales dudas e [&hellip;]<\/p>\n","protected":false},"author":51,"featured_media":0,"comment_status":"open","ping_status":"open","sticky":false,"template":"","format":"standard","meta":{"footnotes":""},"categories":[1],"tags":[],"class_list":["post-31","post","type-post","status-publish","format-standard","hentry","category-sin-categoria"],"_links":{"self":[{"href":"https:\/\/diocesanos.es\/blogs\/escueladepadres\/wp-json\/wp\/v2\/posts\/31","targetHints":{"allow":["GET"]}}],"collection":[{"href":"https:\/\/diocesanos.es\/blogs\/escueladepadres\/wp-json\/wp\/v2\/posts"}],"about":[{"href":"https:\/\/diocesanos.es\/blogs\/escueladepadres\/wp-json\/wp\/v2\/types\/post"}],"author":[{"embeddable":true,"href":"https:\/\/diocesanos.es\/blogs\/escueladepadres\/wp-json\/wp\/v2\/users\/51"}],"replies":[{"embeddable":true,"href":"https:\/\/diocesanos.es\/blogs\/escueladepadres\/wp-json\/wp\/v2\/comments?post=31"}],"version-history":[{"count":5,"href":"https:\/\/diocesanos.es\/blogs\/escueladepadres\/wp-json\/wp\/v2\/posts\/31\/revisions"}],"predecessor-version":[{"id":37,"href":"https:\/\/diocesanos.es\/blogs\/escueladepadres\/wp-json\/wp\/v2\/posts\/31\/revisions\/37"}],"wp:attachment":[{"href":"https:\/\/diocesanos.es\/blogs\/escueladepadres\/wp-json\/wp\/v2\/media?parent=31"}],"wp:term":[{"taxonomy":"category","embeddable":true,"href":"https:\/\/diocesanos.es\/blogs\/escueladepadres\/wp-json\/wp\/v2\/categories?post=31"},{"taxonomy":"post_tag","embeddable":true,"href":"https:\/\/diocesanos.es\/blogs\/escueladepadres\/wp-json\/wp\/v2\/tags?post=31"}],"curies":[{"name":"wp","href":"https:\/\/api.w.org\/{rel}","templated":true}]}}