{"id":168,"date":"2016-12-03T10:56:04","date_gmt":"2016-12-03T10:56:04","guid":{"rendered":"https:\/\/diocesanos.es\/blogs\/escueladepadres\/?p=168"},"modified":"2016-12-03T11:08:06","modified_gmt":"2016-12-03T11:08:06","slug":"mejorando-las-relaciones-con-nuestros-hijs","status":"publish","type":"post","link":"https:\/\/diocesanos.es\/blogs\/escueladepadres\/2016\/12\/03\/mejorando-las-relaciones-con-nuestros-hijs\/","title":{"rendered":"MEJORANDO LAS RELACIONES CON NUESTROS HIJ@S"},"content":{"rendered":"<p style=\"text-align: justify\">\u00bfC\u00f3mo debemos actuar los padres y madres ante nuestros hijos e hijas? \u00bfQu\u00e9 debemos hacer y qu\u00e9 no?<\/p>\n<p style=\"text-align: justify\">La labor de educar se nos presenta como un reto ilusionante y tambi\u00e9n con inquietud, con interrogantes. Procuramos que nuestros hijos e hijas crezcan saludables, se desarrollen de forma adecuada social y psicol\u00f3gicamente, sean en definitiva felices a lo largo de su vida, y eso implica crecer con seguridad, afecto, con capacidad de confiar en ellas y ellos mismos y aprender a superar las dificultades en cada etapa de su desarrollo y para ello ponemos todo nuestro empe\u00f1o.<\/p>\n<p><a href=\"https:\/\/diocesanos.es\/blogs\/escueladepadres\/wp-content\/uploads\/sites\/24\/2016\/12\/MEJORANDO-LAS-RELACIONES-CON-NUESTROS-HIJOS..jpg\"><img loading=\"lazy\" decoding=\"async\" class=\"aligncenter wp-image-169 size-full\" src=\"https:\/\/diocesanos.es\/blogs\/escueladepadres\/wp-content\/uploads\/sites\/24\/2016\/12\/MEJORANDO-LAS-RELACIONES-CON-NUESTROS-HIJOS..jpg\" alt=\"mejorando-las-relaciones-con-nuestros-hijos\" width=\"960\" height=\"720\" srcset=\"https:\/\/diocesanos.es\/blogs\/escueladepadres\/wp-content\/uploads\/sites\/24\/2016\/12\/MEJORANDO-LAS-RELACIONES-CON-NUESTROS-HIJOS..jpg 960w, https:\/\/diocesanos.es\/blogs\/escueladepadres\/wp-content\/uploads\/sites\/24\/2016\/12\/MEJORANDO-LAS-RELACIONES-CON-NUESTROS-HIJOS.-300x225.jpg 300w, https:\/\/diocesanos.es\/blogs\/escueladepadres\/wp-content\/uploads\/sites\/24\/2016\/12\/MEJORANDO-LAS-RELACIONES-CON-NUESTROS-HIJOS.-768x576.jpg 768w, https:\/\/diocesanos.es\/blogs\/escueladepadres\/wp-content\/uploads\/sites\/24\/2016\/12\/MEJORANDO-LAS-RELACIONES-CON-NUESTROS-HIJOS.-307x230.jpg 307w\" sizes=\"auto, (max-width: 960px) 100vw, 960px\" \/><\/a><\/p>\n<p>En nuestra \u00a0primera sesi\u00f3n de la Escuela de Familias \u00a0compartimos ideas, dudas y aciertos sobre los distintos estilos educativos y sus \u00a0consecuencias en el desarrollo de los\u00a0 hij@s.<\/p>\n<p style=\"text-align: center\"><a href=\"http:\/\/www.colegiopablovi.es\/?dwn=1&amp;d=228&amp;f=4870\"><strong>DESCARGAR\u00a0<\/strong><\/a><\/p>\n<p>&nbsp;<\/p>\n","protected":false},"excerpt":{"rendered":"<p>\u00bfC\u00f3mo debemos actuar los padres y madres ante nuestros hijos e hijas? \u00bfQu\u00e9 debemos hacer y qu\u00e9 no? La labor de educar se nos presenta como un reto ilusionante y tambi\u00e9n con inquietud, con interrogantes. Procuramos que nuestros hijos e hijas crezcan saludables, se desarrollen de forma adecuada social y psicol\u00f3gicamente, sean en definitiva felices [&hellip;]<\/p>\n","protected":false},"author":19,"featured_media":0,"comment_status":"closed","ping_status":"closed","sticky":false,"template":"","format":"standard","meta":{"footnotes":""},"categories":[1],"tags":[],"class_list":["post-168","post","type-post","status-publish","format-standard","hentry","category-sin-categoria"],"_links":{"self":[{"href":"https:\/\/diocesanos.es\/blogs\/escueladepadres\/wp-json\/wp\/v2\/posts\/168","targetHints":{"allow":["GET"]}}],"collection":[{"href":"https:\/\/diocesanos.es\/blogs\/escueladepadres\/wp-json\/wp\/v2\/posts"}],"about":[{"href":"https:\/\/diocesanos.es\/blogs\/escueladepadres\/wp-json\/wp\/v2\/types\/post"}],"author":[{"embeddable":true,"href":"https:\/\/diocesanos.es\/blogs\/escueladepadres\/wp-json\/wp\/v2\/users\/19"}],"replies":[{"embeddable":true,"href":"https:\/\/diocesanos.es\/blogs\/escueladepadres\/wp-json\/wp\/v2\/comments?post=168"}],"version-history":[{"count":4,"href":"https:\/\/diocesanos.es\/blogs\/escueladepadres\/wp-json\/wp\/v2\/posts\/168\/revisions"}],"predecessor-version":[{"id":175,"href":"https:\/\/diocesanos.es\/blogs\/escueladepadres\/wp-json\/wp\/v2\/posts\/168\/revisions\/175"}],"wp:attachment":[{"href":"https:\/\/diocesanos.es\/blogs\/escueladepadres\/wp-json\/wp\/v2\/media?parent=168"}],"wp:term":[{"taxonomy":"category","embeddable":true,"href":"https:\/\/diocesanos.es\/blogs\/escueladepadres\/wp-json\/wp\/v2\/categories?post=168"},{"taxonomy":"post_tag","embeddable":true,"href":"https:\/\/diocesanos.es\/blogs\/escueladepadres\/wp-json\/wp\/v2\/tags?post=168"}],"curies":[{"name":"wp","href":"https:\/\/api.w.org\/{rel}","templated":true}]}}