{"id":142,"date":"2016-02-08T17:38:16","date_gmt":"2016-02-08T17:38:16","guid":{"rendered":"https:\/\/diocesanos.es\/blogs\/escueladepadres\/?p=142"},"modified":"2023-12-16T20:44:56","modified_gmt":"2023-12-16T20:44:56","slug":"sutil-diferencia-entre-proteger-y-sobreproteger-a-tus-hijos","status":"publish","type":"post","link":"https:\/\/diocesanos.es\/blogs\/escueladepadres\/2016\/02\/08\/sutil-diferencia-entre-proteger-y-sobreproteger-a-tus-hijos\/","title":{"rendered":"Sutil diferencia entre proteger y sobreproteger a tus hijos"},"content":{"rendered":"<p style=\"text-align: center;\">\n<p style=\"text-align: justify;\">Es tarea de los padres ayudar a sus hijos a construir d\u00eda a d\u00eda una imagen positiva de s\u00ed mismos. Un perfil que les posibilite formarse una buena\u00a0autoestima para enfrentar la vida. A fin de que lo consigan es necesario que la protecci\u00f3n que se les d\u00e9 en el hogar sea la justa y necesaria, y que le permita desarrollarse de manera\u00a0aut\u00f3noma.<\/p>\n<p style=\"text-align: justify;\">La sobreprotecci\u00f3n \u00a0crea ni\u00f1os ansiosos, inseguros, con temores que los persiguen hasta \u00a0la etapa adulta; anula sus habilidades sociales, les provee de una percepci\u00f3n err\u00f3nea del mundo y, lo que es peor, hace que se sientan inseguros\u00a0para todo lo que tiene que ver consigo mismos.<\/p>\n<p>Es posible evitar que se caiga en este abismo; aqu\u00ed algunos consejos que podr\u00edan funcionar:<\/p>\n<ul>\n<li>\n<p style=\"text-align: justify;\"><strong>Conceder autonom\u00eda de manera gradual.<\/strong> Permitirle que explore el mundo desde su perspectiva, sin ver peligros en todas y cada una de las maneras que buscar\u00e1 para conocer las cosas que lo rodean.<\/p>\n<\/li>\n<li><strong>Nunca hagas las cosas por \u00e9l.<\/strong> Esto se aplica a todo: no hagas sus deberes cuando \u00e9l est\u00e9 demasiado cansado (mejor ay\u00fadale con h\u00e1bitos de estudio), no pretendas que viva tus sue\u00f1os, no aminores sus emociones y no dejes que nada sea capaz de destruir su autoestima.<\/li>\n<li>\n<p style=\"text-align: justify;\"><strong>Dar confianza para realizar nuevos proyectos.<\/strong> No se debe permitir que las palabras \u201cNo puedo\u201d le ganen, porque tu hijo es capaz de hacer todo lo que se proponga en la vida. Ay\u00fadale, pero no lo hagas por \u00e9l, y si de verdad no puede lograrlo, mu\u00e9strele alternativas para que emprenda un proyecto distinto.<\/p>\n<\/li>\n<\/ul>\n<ul>\n<li>\n<p style=\"text-align: justify;\"><strong>Ens\u00e9\u00f1ale a resolver problemas.<\/strong> Es importante que sepa que el fracaso existe y que errar es inherente al ser humano, pero siempre, con tu ejemplo, hazle saber que se puede volver a empezar.<\/p>\n<\/li>\n<\/ul>\n<p><!--more--><\/p>\n<ul>\n<li>\n<p style=\"text-align: justify;\"><strong>El\u00f3giale de forma constante.<\/strong> Cada vez que sea capaz de cumplir un objetivo propuesto es el momento indicado para recordarle lo valioso que es, qu\u00e9 bien lo ha hecho y cu\u00e1n valiente ha sido.<\/p>\n<\/li>\n<li>\n<p style=\"text-align: justify;\"><strong>No exageres las advertencias.<\/strong> A ning\u00fan padre nos gusta que su hijo viva experiencias desagradables, y a todos nos encantar\u00eda que la vida fuera siempre \u00abcolor de rosa\u00bb, pero eso no es una realidad y enfrentar los miedos es parte de ella. Si ves que no hizo caso y se equivoca,\u00a0no dramatices y ay\u00fadale a superar la experiencia.<\/p>\n<\/li>\n<li><strong>Dale herramientas para que se defienda.<\/strong> No intervengas de inmediato cuando est\u00e9 teniendo problemas con sus pares, de lo contrario nunca aprender\u00e1 a defenderse y resolver conflictos.<\/li>\n<li>\n<p style=\"text-align: justify;\"><strong>Ay\u00fadale\u00a0a descubrir sus talentos.<\/strong> Todos tenemos diferentes habilidades, algunos son buenos con los n\u00fameros, otros con el arte, deportes, canto y tantos otros dones. Potencia las actividades en las que pueda saber que es bueno haci\u00e9ndolas, en las que se sienta c\u00f3modo y disfrute siempre.<\/p>\n<\/li>\n<\/ul>\n<p>Acompa\u00f1ar a nuestros hijos en este proceso protegiendo y no sobreprotegiendo, o prodigando cuidados excesivos, es una cuesti\u00f3n vital para que puedan desarrollarse como adultos sanos, independientes, aut\u00f3nomos, capaces de lograr todo lo que se propongan en la vida, sin grandes miedos que enfrentar y principalmente felices por ser quienes son.<\/p>\n<p style=\"text-align: center;\">Y t\u00fa,&#8230; \u00a0\u00bfya descubriste si proteges o sobreproteges a tus hijos?<\/p>\n<h6 style=\"text-align: right;\">Fuente:\u00a0http:\/\/familias.com\/ser padres\/<\/h6>\n<h6 style=\"text-align: center;\"><\/h6>\n","protected":false},"excerpt":{"rendered":"<p>Es tarea de los padres ayudar a sus hijos a construir d\u00eda a d\u00eda una imagen positiva de s\u00ed mismos. Un perfil que les posibilite formarse una buena\u00a0autoestima para enfrentar la vida. A fin de que lo consigan es necesario que la protecci\u00f3n que se les d\u00e9 en el hogar sea la justa y necesaria, [&hellip;]<\/p>\n","protected":false},"author":51,"featured_media":0,"comment_status":"closed","ping_status":"closed","sticky":false,"template":"","format":"standard","meta":{"footnotes":""},"categories":[1],"tags":[],"class_list":["post-142","post","type-post","status-publish","format-standard","hentry","category-sin-categoria"],"_links":{"self":[{"href":"https:\/\/diocesanos.es\/blogs\/escueladepadres\/wp-json\/wp\/v2\/posts\/142","targetHints":{"allow":["GET"]}}],"collection":[{"href":"https:\/\/diocesanos.es\/blogs\/escueladepadres\/wp-json\/wp\/v2\/posts"}],"about":[{"href":"https:\/\/diocesanos.es\/blogs\/escueladepadres\/wp-json\/wp\/v2\/types\/post"}],"author":[{"embeddable":true,"href":"https:\/\/diocesanos.es\/blogs\/escueladepadres\/wp-json\/wp\/v2\/users\/51"}],"replies":[{"embeddable":true,"href":"https:\/\/diocesanos.es\/blogs\/escueladepadres\/wp-json\/wp\/v2\/comments?post=142"}],"version-history":[{"count":4,"href":"https:\/\/diocesanos.es\/blogs\/escueladepadres\/wp-json\/wp\/v2\/posts\/142\/revisions"}],"predecessor-version":[{"id":195,"href":"https:\/\/diocesanos.es\/blogs\/escueladepadres\/wp-json\/wp\/v2\/posts\/142\/revisions\/195"}],"wp:attachment":[{"href":"https:\/\/diocesanos.es\/blogs\/escueladepadres\/wp-json\/wp\/v2\/media?parent=142"}],"wp:term":[{"taxonomy":"category","embeddable":true,"href":"https:\/\/diocesanos.es\/blogs\/escueladepadres\/wp-json\/wp\/v2\/categories?post=142"},{"taxonomy":"post_tag","embeddable":true,"href":"https:\/\/diocesanos.es\/blogs\/escueladepadres\/wp-json\/wp\/v2\/tags?post=142"}],"curies":[{"name":"wp","href":"https:\/\/api.w.org\/{rel}","templated":true}]}}