{"id":127,"date":"2016-01-11T16:32:25","date_gmt":"2016-01-11T16:32:25","guid":{"rendered":"https:\/\/diocesanos.es\/blogs\/escueladepadres\/?p=127"},"modified":"2016-01-14T16:43:43","modified_gmt":"2016-01-14T16:43:43","slug":"he-suspendido-cinco-y-los-reyes-magos-me-han-traido-una-moto-y-el-movil-mis-padres-son-tontos","status":"publish","type":"post","link":"https:\/\/diocesanos.es\/blogs\/escueladepadres\/2016\/01\/11\/he-suspendido-cinco-y-los-reyes-magos-me-han-traido-una-moto-y-el-movil-mis-padres-son-tontos\/","title":{"rendered":"\u201cHe suspendido cinco y los Reyes Magos me han tra\u00eddo una moto y el m\u00f3vil: mis padres son tontos\u201d"},"content":{"rendered":"<h2 style=\"text-align: center\">El juez de menores cuenta su experiencia tras preguntar \u00aba un chaval por las notas y luego por los regalos de Navidad\u00bb<\/h2>\n<p><a href=\"https:\/\/diocesanos.es\/blogs\/escueladepadres\/wp-content\/uploads\/sites\/24\/2016\/01\/thumb.jpe\" rel=\"attachment wp-att-128\"><img loading=\"lazy\" decoding=\"async\" class=\"size-medium wp-image-128 aligncenter\" src=\"https:\/\/diocesanos.es\/blogs\/escueladepadres\/wp-content\/uploads\/sites\/24\/2016\/01\/thumb-300x169.jpe\" alt=\"thumb\" width=\"300\" height=\"169\" srcset=\"https:\/\/diocesanos.es\/blogs\/escueladepadres\/wp-content\/uploads\/sites\/24\/2016\/01\/thumb-300x169.jpe 300w, https:\/\/diocesanos.es\/blogs\/escueladepadres\/wp-content\/uploads\/sites\/24\/2016\/01\/thumb.jpe 340w\" sizes=\"auto, (max-width: 300px) 100vw, 300px\" \/><\/a><\/p>\n<p style=\"text-align: justify\">\u00abBuenas, soy Emilio Calatayud. Los Reyes Magos no aciertan siempre. Tambi\u00e9n se equivocan. Un par de ejemplos. Pregunto a un chaval que cu\u00e1ntas asignaturas ha suspendido y me dice que cinco. \u201cPues entonces no te habr\u00e1n tra\u00eddo nada los Reyes magos\u201d, le digo yo. Respuesta: \u201c\u00a1Qu\u00e9 va! Me han dejado una moto y un m\u00f3vil\u201d. Eso con cinco suspensos, \u00bfqu\u00e9 le habr\u00edan dejado si s\u00f3lo hubiese sacado un suspenso: un ferrari o un viaje por El Caribe? \u00bfO ambas cosas? \u201cEs que mis padres son tontos\u201d, concluye el chico.<\/p>\n<p style=\"text-align: justify\">Y otro con dos o tres suspensos me cuenta que a \u00e9l le han tra\u00eddo mil euros.<\/p>\n<p style=\"text-align: justify\">Vamos a ver, tenemos que ense\u00f1ar a nuestros hijos que el esfuerzo tiene recompensa y la ganduler\u00eda, no. Si no lo hacemos, estar\u00e1n perdidos y creer\u00e1n que suspender es bueno. Hay que tener\u00a0sentido com\u00fan.\u00bb<\/p>\n<div class=\"sharedaddy sd-sharing-enabled\">\n<div class=\"robots-nocontent sd-block sd-social sd-social-icon-text sd-sharing\">\n<h6 class=\"sd-title\" style=\"text-align: right\">By\u00a0http:\/\/www.ideal.es\/<\/h6>\n<\/div>\n<\/div>\n","protected":false},"excerpt":{"rendered":"<p>El juez de menores cuenta su experiencia tras preguntar \u00aba un chaval por las notas y luego por los regalos de Navidad\u00bb \u00abBuenas, soy Emilio Calatayud. Los Reyes Magos no aciertan siempre. Tambi\u00e9n se equivocan. Un par de ejemplos. Pregunto a un chaval que cu\u00e1ntas asignaturas ha suspendido y me dice que cinco. \u201cPues entonces [&hellip;]<\/p>\n","protected":false},"author":51,"featured_media":0,"comment_status":"closed","ping_status":"closed","sticky":false,"template":"","format":"standard","meta":{"footnotes":""},"categories":[1],"tags":[],"class_list":["post-127","post","type-post","status-publish","format-standard","hentry","category-sin-categoria"],"_links":{"self":[{"href":"https:\/\/diocesanos.es\/blogs\/escueladepadres\/wp-json\/wp\/v2\/posts\/127","targetHints":{"allow":["GET"]}}],"collection":[{"href":"https:\/\/diocesanos.es\/blogs\/escueladepadres\/wp-json\/wp\/v2\/posts"}],"about":[{"href":"https:\/\/diocesanos.es\/blogs\/escueladepadres\/wp-json\/wp\/v2\/types\/post"}],"author":[{"embeddable":true,"href":"https:\/\/diocesanos.es\/blogs\/escueladepadres\/wp-json\/wp\/v2\/users\/51"}],"replies":[{"embeddable":true,"href":"https:\/\/diocesanos.es\/blogs\/escueladepadres\/wp-json\/wp\/v2\/comments?post=127"}],"version-history":[{"count":1,"href":"https:\/\/diocesanos.es\/blogs\/escueladepadres\/wp-json\/wp\/v2\/posts\/127\/revisions"}],"predecessor-version":[{"id":129,"href":"https:\/\/diocesanos.es\/blogs\/escueladepadres\/wp-json\/wp\/v2\/posts\/127\/revisions\/129"}],"wp:attachment":[{"href":"https:\/\/diocesanos.es\/blogs\/escueladepadres\/wp-json\/wp\/v2\/media?parent=127"}],"wp:term":[{"taxonomy":"category","embeddable":true,"href":"https:\/\/diocesanos.es\/blogs\/escueladepadres\/wp-json\/wp\/v2\/categories?post=127"},{"taxonomy":"post_tag","embeddable":true,"href":"https:\/\/diocesanos.es\/blogs\/escueladepadres\/wp-json\/wp\/v2\/tags?post=127"}],"curies":[{"name":"wp","href":"https:\/\/api.w.org\/{rel}","templated":true}]}}