{"id":104,"date":"2015-12-08T19:21:26","date_gmt":"2015-12-08T19:21:26","guid":{"rendered":"https:\/\/diocesanos.es\/blogs\/escueladepadres\/?p=104"},"modified":"2015-12-08T19:36:33","modified_gmt":"2015-12-08T19:36:33","slug":"los-limites-en-la-adolescencia","status":"publish","type":"post","link":"https:\/\/diocesanos.es\/blogs\/escueladepadres\/2015\/12\/08\/los-limites-en-la-adolescencia\/","title":{"rendered":"Los l\u00edmites en la adolescencia"},"content":{"rendered":"<h2 style=\"text-align: center\">Marcando l\u00edmites los padres pueden controlar los conflictos<\/h2>\n<p style=\"text-align: center\"><a href=\"https:\/\/diocesanos.es\/blogs\/escueladepadres\/wp-content\/uploads\/sites\/24\/2015\/12\/PONER-L\u00cdMITES-A-LOS-ADOLESCENTES-TERRASSA-BARCELONA.jpg\"><img loading=\"lazy\" decoding=\"async\" class=\"alignnone size-medium wp-image-107\" src=\"https:\/\/diocesanos.es\/blogs\/escueladepadres\/wp-content\/uploads\/sites\/24\/2015\/12\/PONER-L\u00cdMITES-A-LOS-ADOLESCENTES-TERRASSA-BARCELONA-300x193.jpg\" alt=\"PONER-L\u00cdMITES-A-LOS-ADOLESCENTES-TERRASSA-BARCELONA\" width=\"300\" height=\"193\" srcset=\"https:\/\/diocesanos.es\/blogs\/escueladepadres\/wp-content\/uploads\/sites\/24\/2015\/12\/PONER-L\u00cdMITES-A-LOS-ADOLESCENTES-TERRASSA-BARCELONA-300x193.jpg 300w, https:\/\/diocesanos.es\/blogs\/escueladepadres\/wp-content\/uploads\/sites\/24\/2015\/12\/PONER-L\u00cdMITES-A-LOS-ADOLESCENTES-TERRASSA-BARCELONA-357x230.jpg 357w, https:\/\/diocesanos.es\/blogs\/escueladepadres\/wp-content\/uploads\/sites\/24\/2015\/12\/PONER-L\u00cdMITES-A-LOS-ADOLESCENTES-TERRASSA-BARCELONA.jpg 435w\" sizes=\"auto, (max-width: 300px) 100vw, 300px\" \/><\/a><\/p>\n<p>El adolescente se debate entre su rebeld\u00eda y la autoridad que sigue necesitando. Precisa de l\u00edmites, aunque le cueste asumirlos. Por eso los padres deben mostrarse firmes y seguros frente a sus hijos en esta dif\u00edcil edad. En los casos m\u00e1s conflictivos ser\u00e1 necesaria la ayuda de profesionales, pero los padres tienen la responsabilidad especial en la educaci\u00f3n de los adolescentes y es necesario que aprendan a respetar esa autoridad.<\/p>\n<h3>Los efectos de la adolescencia en el car\u00e1cter<\/h3>\n<p style=\"text-align: justify\">Con el inicio de la pubertad, las hormonas van a adquirir un gran protagonismo, de tal forma que en muchas ocasiones ser\u00e1n las que tomen las riendas del comportamiento del adolescente, en el que, tambi\u00e9n, se observan las siguientes caracter\u00edsticas:<\/p>\n<p>-\u0095 Surge una falta de reconocimiento de la autoridad, que les hace cuestionarse todas las normas establecidas por los adultos.<\/p>\n<p>-\u0095 La familia pierde protagonismo a favor del grupo de los amigos.<\/p>\n<p>\u0095- En muchas ocasiones las decisiones y preferencias personales las sacrifican en funci\u00f3n de lo que el grupo tolere.<\/p>\n<p><!--more--><\/p>\n<h3>Consejos para padres de adolescentes<\/h3>\n<p style=\"text-align: justify\">-\u0095 A los adolescentes les cuesta asumir los l\u00edmites que tanto necesitan y que los ayudan a situarse y a conocer cu\u00e1les son sus derechos y sus obligaciones.<\/p>\n<p style=\"text-align: justify\">\u0095- Los padres y los adultos, en general, deber\u00e1n enfrentarse a situaciones poco agradables, en las que su seguridad ser\u00e1 clave para ayudar al adolescente a superar estas crisis.<\/p>\n<p style=\"text-align: justify\">-\u0095 No olvidemos que los ni\u00f1os aprenden por modelos, los padres somos sus modelos a imitar, por eso hay que mostrarse seguros.<\/p>\n<p style=\"text-align: justify\">-\u0095 Potenciar sus habilidades y mitigar sus defectos. No centrarse solo en los \u00e9xitos y fracasos escolares, pues \u00e9stos ser\u00e1n una parte de sus vidas, pero no lo \u00fanico importante.<\/p>\n<p style=\"text-align: justify\">-\u0095 Los padres seguir\u00e1n la misma l\u00ednea, no contradici\u00e9ndose uno al otro y mucho menos delante del adolescente.<\/p>\n<p>-\u0095 En casos de rabieta o estallido, no es el momento de dialogar con ellos: el lenguaje verbal no sirve de nada.<\/p>\n<h3 style=\"text-align: justify\">La ayuda en situaciones extremas<\/h3>\n<p style=\"text-align: justify\">Cuando la situaci\u00f3n es extrema, s\u00ed que ayuda saber que estamos actuando de forma correcta. El adolescente de hoy dar\u00e1 paso al joven de ma\u00f1ana, y \u00e9ste ser\u00e1 menos impetuoso, menos hiriente, menos provocador, m\u00e1s humano, m\u00e1s justo y m\u00e1s cercano. Y es que los adolescentes verdaderamente no lo tienen f\u00e1cil.<\/p>\n<p style=\"text-align: justify\">En muchos casos encontramos chicos y chicas que nos dicen que no saben como evitar \u0093saltar y estallar a la m\u00ednima\u0094, que les encantar\u00eda controlarse pero que no pueden. No lo hacen para fastidiarnos, sino porque no pueden evitarlo.<\/p>\n<h3 style=\"text-align: justify\">Errores m\u00e1s frecuentes de los padres<\/h3>\n<p style=\"text-align: justify\">\u0095 Podemos negociar las normas a seguir, pero nunca debemos dejar que sean ellos los que marquen los l\u00edmites.<\/p>\n<p style=\"text-align: justify\">\u0095 No hay que ceder para evitar males mayores pensando que esto pasar\u00e1 con el tiempo.<\/p>\n<p style=\"text-align: justify\">\u0095 Los chicos pueden sentir miedo por tenerlo todo demasiado f\u00e1cil.<\/p>\n<p style=\"text-align: justify\">\u0095 Debemos dejarles que desarrollen sus propias estrategias, que resuelvan sus\u00a0problemas y conflictos. Pero siempre debemos estar ah\u00ed, en un segundo plano.<\/p>\n<p style=\"text-align: right\">www.quidamdesarrollo.com<\/p>\n","protected":false},"excerpt":{"rendered":"<p>Marcando l\u00edmites los padres pueden controlar los conflictos El adolescente se debate entre su rebeld\u00eda y la autoridad que sigue necesitando. Precisa de l\u00edmites, aunque le cueste asumirlos. Por eso los padres deben mostrarse firmes y seguros frente a sus hijos en esta dif\u00edcil edad. En los casos m\u00e1s conflictivos ser\u00e1 necesaria la ayuda de [&hellip;]<\/p>\n","protected":false},"author":51,"featured_media":0,"comment_status":"closed","ping_status":"closed","sticky":false,"template":"","format":"standard","meta":{"footnotes":""},"categories":[1],"tags":[],"class_list":["post-104","post","type-post","status-publish","format-standard","hentry","category-sin-categoria"],"_links":{"self":[{"href":"https:\/\/diocesanos.es\/blogs\/escueladepadres\/wp-json\/wp\/v2\/posts\/104","targetHints":{"allow":["GET"]}}],"collection":[{"href":"https:\/\/diocesanos.es\/blogs\/escueladepadres\/wp-json\/wp\/v2\/posts"}],"about":[{"href":"https:\/\/diocesanos.es\/blogs\/escueladepadres\/wp-json\/wp\/v2\/types\/post"}],"author":[{"embeddable":true,"href":"https:\/\/diocesanos.es\/blogs\/escueladepadres\/wp-json\/wp\/v2\/users\/51"}],"replies":[{"embeddable":true,"href":"https:\/\/diocesanos.es\/blogs\/escueladepadres\/wp-json\/wp\/v2\/comments?post=104"}],"version-history":[{"count":8,"href":"https:\/\/diocesanos.es\/blogs\/escueladepadres\/wp-json\/wp\/v2\/posts\/104\/revisions"}],"predecessor-version":[{"id":111,"href":"https:\/\/diocesanos.es\/blogs\/escueladepadres\/wp-json\/wp\/v2\/posts\/104\/revisions\/111"}],"wp:attachment":[{"href":"https:\/\/diocesanos.es\/blogs\/escueladepadres\/wp-json\/wp\/v2\/media?parent=104"}],"wp:term":[{"taxonomy":"category","embeddable":true,"href":"https:\/\/diocesanos.es\/blogs\/escueladepadres\/wp-json\/wp\/v2\/categories?post=104"},{"taxonomy":"post_tag","embeddable":true,"href":"https:\/\/diocesanos.es\/blogs\/escueladepadres\/wp-json\/wp\/v2\/tags?post=104"}],"curies":[{"name":"wp","href":"https:\/\/api.w.org\/{rel}","templated":true}]}}