{"id":91,"date":"2013-01-20T14:36:45","date_gmt":"2013-01-20T14:36:45","guid":{"rendered":"https:\/\/diocesanos.es\/blogs\/equipotic\/?p=91"},"modified":"2014-05-03T12:22:27","modified_gmt":"2014-05-03T12:22:27","slug":"claves-libros-digitales-de-anaya","status":"publish","type":"post","link":"https:\/\/diocesanos.es\/blogs\/equipotic\/2013\/01\/20\/claves-libros-digitales-de-anaya\/","title":{"rendered":"Claves libros digitales de Anaya"},"content":{"rendered":"<p><a href=\"https:\/\/diocesanos.es\/blogs\/equipotic\/wp-content\/uploads\/sites\/2\/2013\/01\/anaya.png\"><img loading=\"lazy\" decoding=\"async\" class=\"alignnone size-medium wp-image-106\" src=\"https:\/\/diocesanos.es\/blogs\/equipotic\/wp-content\/uploads\/sites\/2\/2013\/01\/anaya-300x41.png\" alt=\"anaya\" width=\"300\" height=\"41\" srcset=\"https:\/\/diocesanos.es\/blogs\/equipotic\/wp-content\/uploads\/sites\/2\/2013\/01\/anaya-300x41.png 300w, https:\/\/diocesanos.es\/blogs\/equipotic\/wp-content\/uploads\/sites\/2\/2013\/01\/anaya.png 843w\" sizes=\"auto, (max-width: 300px) 100vw, 300px\" \/><\/a><\/p>\n<p>Estimados padres:<\/p>\n<p>Con los mejores deseos en el a\u00f1o reci\u00e9n comenzado, en nuestro af\u00e1n por mejorar y complementar la formaci\u00f3n y el proceso de ense\u00f1anza-aprendizaje de sus hijos, el Colegio les ofrece una nueva herramienta \u201con-line\u201d que podr\u00e1n utilizar de forma aut\u00f3noma bajo su control y tutela.<\/p>\n<p>Esta herramienta inform\u00e1tica \u201con-line\u201d consiste en la utilizaci\u00f3n de una \u201cPlataforma Educativa\u201d en la que se encuentran en formato digital los libros de las \u00e1reas instrumentales que utilizan sus hijos junto con algunas actividades y\/o ejercicios complementarios a los contenidos desarrollados en ellos. La entrada a la \u201cPlataforma Educativa\u201d est\u00e1 regulada por unas contrase\u00f1as de acceso personalizado que deber\u00edan conservar con cuidado.<\/p>\n<p>Una vez hayan accedido a la \u201cPlataforma Educativa\u201d, encontrar\u00e1n los iconos que representan los libros que su hijo utiliza en cada una de las \u00e1reas curriculares, pulsando en el icono acceder\u00e1n al libro en formato digital del \u00e1rea seleccionada, pudiendo, a partir de entonces, comenzar a trabajar con \u00e9l.<\/p>\n<p>Desde el Centro entendemos que esta herramienta inform\u00e1tica, puede contribuir y facilitar el seguimiento diario del trabajo realizado por sus hijos en los diferentes contenidos y conceptos trabajados en el aula, lo que podr\u00e1 significar un rendimiento acad\u00e9mico mejor.<\/p>\n<p>Sus hijos ser\u00e1n informados, por sus tutores, del proceso de acceso aut\u00f3nomo a la \u201cPlataforma Educativa\u201d, as\u00ed como de las instrucciones y procedimientos primordiales relativos al modo de realizar los ejercicios con sus ordenadores personales en casa y el funcionamiento b\u00e1sico de la herramienta \u201con-line\u201d, para que, con su ayuda, puedan planificar y programar el uso domiciliario de este novedoso recurso did\u00e1ctico.<\/p>\n<p>Esperamos que este nuevo esfuerzo que el Centro realiza al ofrecerles esta Plataforma Educativa \u201con-line\u201d, d\u00e9 sus frutos ayudando a que sus hijos adquieran un mejor dominio y comprensi\u00f3n de los contenidos y conceptos de cada una de las \u00e1reas instrumentales, a la vez que suscite alternativas formativas para algunos de esos tiempos de \u201cperdidos\u201d que tienen sus hijos a lo largo del curso escolar.<\/p>\n<p><a href=\"http:\/\/escueladigital.cga.es\/\" target=\"_blank\">http:\/\/escueladigital.cga.es\/<\/a><\/p>\n","protected":false},"excerpt":{"rendered":"<p>Estimados padres: Con los mejores deseos en el a\u00f1o reci\u00e9n comenzado, en nuestro af\u00e1n por mejorar y complementar la formaci\u00f3n y el proceso de ense\u00f1anza-aprendizaje de sus hijos, el Colegio les ofrece una nueva herramienta \u201con-line\u201d que podr\u00e1n utilizar de forma aut\u00f3noma bajo su control y tutela. Esta herramienta inform\u00e1tica \u201con-line\u201d consiste en la utilizaci\u00f3n &hellip; <a href=\"https:\/\/diocesanos.es\/blogs\/equipotic\/2013\/01\/20\/claves-libros-digitales-de-anaya\/\" class=\"more-link\">Seguir leyendo <span class=\"screen-reader-text\">Claves libros digitales de Anaya<\/span> <span class=\"meta-nav\">&rarr;<\/span><\/a><\/p>\n","protected":false},"author":1,"featured_media":0,"comment_status":"open","ping_status":"open","sticky":false,"template":"","format":"standard","meta":{"footnotes":""},"categories":[15],"tags":[34],"class_list":["post-91","post","type-post","status-publish","format-standard","hentry","category-documentacion","tag-libros"],"_links":{"self":[{"href":"https:\/\/diocesanos.es\/blogs\/equipotic\/wp-json\/wp\/v2\/posts\/91","targetHints":{"allow":["GET"]}}],"collection":[{"href":"https:\/\/diocesanos.es\/blogs\/equipotic\/wp-json\/wp\/v2\/posts"}],"about":[{"href":"https:\/\/diocesanos.es\/blogs\/equipotic\/wp-json\/wp\/v2\/types\/post"}],"author":[{"embeddable":true,"href":"https:\/\/diocesanos.es\/blogs\/equipotic\/wp-json\/wp\/v2\/users\/1"}],"replies":[{"embeddable":true,"href":"https:\/\/diocesanos.es\/blogs\/equipotic\/wp-json\/wp\/v2\/comments?post=91"}],"version-history":[{"count":0,"href":"https:\/\/diocesanos.es\/blogs\/equipotic\/wp-json\/wp\/v2\/posts\/91\/revisions"}],"wp:attachment":[{"href":"https:\/\/diocesanos.es\/blogs\/equipotic\/wp-json\/wp\/v2\/media?parent=91"}],"wp:term":[{"taxonomy":"category","embeddable":true,"href":"https:\/\/diocesanos.es\/blogs\/equipotic\/wp-json\/wp\/v2\/categories?post=91"},{"taxonomy":"post_tag","embeddable":true,"href":"https:\/\/diocesanos.es\/blogs\/equipotic\/wp-json\/wp\/v2\/tags?post=91"}],"curies":[{"name":"wp","href":"https:\/\/api.w.org\/{rel}","templated":true}]}}