{"id":78,"date":"2012-05-29T18:12:26","date_gmt":"2012-05-29T18:12:26","guid":{"rendered":"https:\/\/diocesanos.es\/blogs\/equipotic\/?p=78"},"modified":"2014-05-03T18:07:13","modified_gmt":"2014-05-03T18:07:13","slug":"optimizar-las-imagenes-antes-de-usarlas-en-la-web-o-powerpoint","status":"publish","type":"post","link":"https:\/\/diocesanos.es\/blogs\/equipotic\/2012\/05\/29\/optimizar-las-imagenes-antes-de-usarlas-en-la-web-o-powerpoint\/","title":{"rendered":"Optimizar las im\u00e1genes antes de usarlas en la web o powerpoint"},"content":{"rendered":"<p>Organizando mis \u00abcosas\u00bb he encontrado esta peque\u00f1a utilidad (libre\/gratuita, para WINDOWS). Es capaz de recomprimir mejor las fotos en jpeg, gif o png sin apenas p\u00e9rdidas adicionales.<\/p>\n<p><a href=\"http:\/\/luci.criosweb.ro\/riot\/\">RIOT &#8211; Radical Image Optimization Tool<\/a><\/p>\n<p>Si us\u00e1is el GIMP para manipular las im\u00e1genes existe un complemento que hace lo mismo desde el propio programa,\u00a0 a\u00f1adiendo una opci\u00f3n llamada \u00abGuardar para la web\u00bb.<\/p>\n<p>Como alternativa multiplataforma (windows, mac, linux) ten\u00e9is <strong><a href=\"http:\/\/trimage.org\/\">Trimage<\/a><\/strong>, capaz de eliminar metadatos (miniaturas, geolocalizaci\u00f3n, detalles informativos, mapas de color&#8230;) haciendo el fichero m\u00e1s peque\u00f1o aun.<\/p>\n<p style=\"text-align: center;\"><a href=\"https:\/\/diocesanos.es\/blogs\/equipotic\/wp-content\/uploads\/sites\/2\/2012\/05\/trimage-icon.png\"><img loading=\"lazy\" decoding=\"async\" class=\"alignnone size-full wp-image-125\" src=\"https:\/\/diocesanos.es\/blogs\/equipotic\/wp-content\/uploads\/sites\/2\/2012\/05\/trimage-icon.png\" alt=\"trimage-icon\" width=\"100\" height=\"103\" \/><\/a><\/p>\n<p>Recordad que siempre es preferible reducir las dimensiones de las fotos para ajustarlas al tama\u00f1o de pantalla o del proyector ANTES de insertarlas en nuestras presentaciones o subirlas a la web.<\/p>\n<p>Utilizad el formato JPEG para las fotos \u00abrealistas\u00bb y PNG para los logotipos y similares (para mantener partes de la imagen transparentes).<\/p>\n<p>Aplicando las herramientas descritas anteriormente podremos \u00abadelgazar\u00bb m\u00e1s las fotos y el documento final pesar\u00e1 mucho menos.<\/p>\n<p>&nbsp;<\/p>\n","protected":false},"excerpt":{"rendered":"<p>Organizando mis \u00abcosas\u00bb he encontrado esta peque\u00f1a utilidad (libre\/gratuita, para WINDOWS). Es capaz de recomprimir mejor las fotos en jpeg, gif o png sin apenas p\u00e9rdidas adicionales. RIOT &#8211; Radical Image Optimization Tool Si us\u00e1is el GIMP para manipular las im\u00e1genes existe un complemento que hace lo mismo desde el propio programa,\u00a0 a\u00f1adiendo una opci\u00f3n &hellip; <a href=\"https:\/\/diocesanos.es\/blogs\/equipotic\/2012\/05\/29\/optimizar-las-imagenes-antes-de-usarlas-en-la-web-o-powerpoint\/\" class=\"more-link\">Seguir leyendo <span class=\"screen-reader-text\">Optimizar las im\u00e1genes antes de usarlas en la web o powerpoint<\/span> <span class=\"meta-nav\">&rarr;<\/span><\/a><\/p>\n","protected":false},"author":1,"featured_media":0,"comment_status":"open","ping_status":"open","sticky":false,"template":"","format":"standard","meta":{"footnotes":""},"categories":[15],"tags":[27,9,8],"class_list":["post-78","post","type-post","status-publish","format-standard","hentry","category-documentacion","tag-documentacion-2","tag-imagen","tag-practicas-2"],"_links":{"self":[{"href":"https:\/\/diocesanos.es\/blogs\/equipotic\/wp-json\/wp\/v2\/posts\/78","targetHints":{"allow":["GET"]}}],"collection":[{"href":"https:\/\/diocesanos.es\/blogs\/equipotic\/wp-json\/wp\/v2\/posts"}],"about":[{"href":"https:\/\/diocesanos.es\/blogs\/equipotic\/wp-json\/wp\/v2\/types\/post"}],"author":[{"embeddable":true,"href":"https:\/\/diocesanos.es\/blogs\/equipotic\/wp-json\/wp\/v2\/users\/1"}],"replies":[{"embeddable":true,"href":"https:\/\/diocesanos.es\/blogs\/equipotic\/wp-json\/wp\/v2\/comments?post=78"}],"version-history":[{"count":0,"href":"https:\/\/diocesanos.es\/blogs\/equipotic\/wp-json\/wp\/v2\/posts\/78\/revisions"}],"wp:attachment":[{"href":"https:\/\/diocesanos.es\/blogs\/equipotic\/wp-json\/wp\/v2\/media?parent=78"}],"wp:term":[{"taxonomy":"category","embeddable":true,"href":"https:\/\/diocesanos.es\/blogs\/equipotic\/wp-json\/wp\/v2\/categories?post=78"},{"taxonomy":"post_tag","embeddable":true,"href":"https:\/\/diocesanos.es\/blogs\/equipotic\/wp-json\/wp\/v2\/tags?post=78"}],"curies":[{"name":"wp","href":"https:\/\/api.w.org\/{rel}","templated":true}]}}