{"id":70,"date":"2012-04-17T21:43:03","date_gmt":"2012-04-17T21:43:03","guid":{"rendered":"https:\/\/diocesanos.es\/blogs\/equipotic\/?p=70"},"modified":"2014-05-02T23:06:03","modified_gmt":"2014-05-02T23:06:03","slug":"programa-de-encuestas","status":"publish","type":"post","link":"https:\/\/diocesanos.es\/blogs\/equipotic\/2012\/04\/17\/programa-de-encuestas\/","title":{"rendered":"Programa de encuestas"},"content":{"rendered":"<p>Se cumplen m\u00e1s de tres a\u00f1os desde que empec\u00e9 con el programilla de<br \/>\nlas encuestas. Cada vez que he tenido un rato le he ido haciendo peque\u00f1as mejoras, correcciones y ajustes.<\/p>\n<p>Como hasta ahora yo era el tonto que se encargaba del tema no le<br \/>\nprestaba demasiada atenci\u00f3n. Los que le conoc\u00edais observareis enseguida el lavado de cara y las nuevas funcionalidades.<\/p>\n<ul>\n<li>Organizaci\u00f3n por carpetas de las encuestas<\/li>\n<li>Importaci\u00f3n \/exportaci\u00f3n de datos<\/li>\n<li>Entrada m\u00faltiple de \u00edtems<\/li>\n<li>Claves individuales y de grupo (web)<\/li>\n<\/ul>\n<p>Creo que est\u00e1 casi maduro (pr\u00f3ximo a la versi\u00f3n 1.0), pero antes de<br \/>\npresentarlo oficialmente (creo que hay alg\u00fan concurso por ah\u00ed) me gustar\u00eda (si no os importa) que le echarais un vistazo.<\/p>\n<p>Y para colmo (sin que sirva de precedente) adjunto DOCUMENTACI\u00d3N.<\/p>\n<p>Os agradecer\u00eda mucho vuestra colaboraci\u00f3n con las pruebas y<br \/>\ncorrecciones que se os ocurran.<\/p>\n","protected":false},"excerpt":{"rendered":"<p>Se cumplen m\u00e1s de tres a\u00f1os desde que empec\u00e9 con el programilla de las encuestas. Cada vez que he tenido un rato le he ido haciendo peque\u00f1as mejoras, correcciones y ajustes. Como hasta ahora yo era el tonto que se encargaba del tema no le prestaba demasiada atenci\u00f3n. Los que le conoc\u00edais observareis enseguida el &hellip; <a href=\"https:\/\/diocesanos.es\/blogs\/equipotic\/2012\/04\/17\/programa-de-encuestas\/\" class=\"more-link\">Seguir leyendo <span class=\"screen-reader-text\">Programa de encuestas<\/span> <span class=\"meta-nav\">&rarr;<\/span><\/a><\/p>\n","protected":false},"author":1,"featured_media":0,"comment_status":"open","ping_status":"open","sticky":false,"template":"","format":"standard","meta":{"footnotes":""},"categories":[25],"tags":[],"class_list":["post-70","post","type-post","status-publish","format-standard","hentry","category-calidad"],"_links":{"self":[{"href":"https:\/\/diocesanos.es\/blogs\/equipotic\/wp-json\/wp\/v2\/posts\/70","targetHints":{"allow":["GET"]}}],"collection":[{"href":"https:\/\/diocesanos.es\/blogs\/equipotic\/wp-json\/wp\/v2\/posts"}],"about":[{"href":"https:\/\/diocesanos.es\/blogs\/equipotic\/wp-json\/wp\/v2\/types\/post"}],"author":[{"embeddable":true,"href":"https:\/\/diocesanos.es\/blogs\/equipotic\/wp-json\/wp\/v2\/users\/1"}],"replies":[{"embeddable":true,"href":"https:\/\/diocesanos.es\/blogs\/equipotic\/wp-json\/wp\/v2\/comments?post=70"}],"version-history":[{"count":0,"href":"https:\/\/diocesanos.es\/blogs\/equipotic\/wp-json\/wp\/v2\/posts\/70\/revisions"}],"wp:attachment":[{"href":"https:\/\/diocesanos.es\/blogs\/equipotic\/wp-json\/wp\/v2\/media?parent=70"}],"wp:term":[{"taxonomy":"category","embeddable":true,"href":"https:\/\/diocesanos.es\/blogs\/equipotic\/wp-json\/wp\/v2\/categories?post=70"},{"taxonomy":"post_tag","embeddable":true,"href":"https:\/\/diocesanos.es\/blogs\/equipotic\/wp-json\/wp\/v2\/tags?post=70"}],"curies":[{"name":"wp","href":"https:\/\/api.w.org\/{rel}","templated":true}]}}