{"id":486,"date":"2014-05-14T23:04:14","date_gmt":"2014-05-14T23:04:14","guid":{"rendered":"https:\/\/diocesanos.es\/blogs\/equipotic\/?p=486"},"modified":"2014-05-14T23:12:48","modified_gmt":"2014-05-14T23:12:48","slug":"licencias-de-uso-y-reutilizacion-de-recursos-de-internet","status":"publish","type":"post","link":"https:\/\/diocesanos.es\/blogs\/equipotic\/2014\/05\/14\/licencias-de-uso-y-reutilizacion-de-recursos-de-internet\/","title":{"rendered":"Licencias de uso y reutilizaci\u00f3n de recursos de Internet"},"content":{"rendered":"<p>Hoy nos reunimos la \u00abComisi\u00f3n TIC\u00bb y, sin haberlo previsto, hemos dedicado la mayor parte del tiempo a discutir sobre el (\u00bfbuen\/mal?) uso que hacemos, tanto los profesores como los alumnos, del material multimedia que \u00abrecolectamos\u00bb a trav\u00e9s de Internet para luego incorporarlo a nuestros trabajos, v\u00eddeos y presentaciones.<\/p>\n<p style=\"text-align: center;\"><a href=\"https:\/\/diocesanos.es\/blogs\/equipotic\/wp-content\/uploads\/sites\/2\/2014\/05\/leyes.jpeg\"><img loading=\"lazy\" decoding=\"async\" class=\"alignnone size-full wp-image-187\" src=\"https:\/\/diocesanos.es\/blogs\/equipotic\/wp-content\/uploads\/sites\/2\/2014\/05\/leyes.jpeg\" alt=\"leyes\" width=\"299\" height=\"168\" \/><\/a><\/p>\n<p><strong>Pregunta:<\/strong> \u00bfLas im\u00e1genes que puedo encontrar en buscadores como Google, Yahoo o Flick son de dominio p\u00fablico? \u00bfPuedo usarlas en mi trabajo si\u00a0menciono\u00a0la fuente original?<\/p>\n<p><!--more--><\/p>\n<p><em><strong style=\"line-height: 1.3em;\">Respuesta:<\/strong><span style=\"line-height: 1.3em;\"> De forma general las im\u00e1genes (fotograf\u00edas, dibujos, dise\u00f1os, bocetos, etc.) que encontramos en Internet <strong>NO<\/strong> son de dominio p\u00fablico, esto es, los autores no han renunciado a todos sus derechos sobre la obra, y por lo tanto siguen estando protegidas por el copyright que de forma autom\u00e1tica les otorga el Convenio de Berna.<\/span><\/em><\/p>\n<p><em>Incluso si encontramos una\u00a0imagen que est\u00e9 licenciada bajo \u00abCreative Commons (CC)\u00bb podremos usarla de manera mas libre, pero siempre cumpliendo con los\u00a0t\u00e9rminos\u00a0de la licencia otorgada. Hay que recordar que una obra distribuida bajo una licencia CC sigue estando protegida por la leyes de Propiedad Intelectual. Las licencias Creative Commons facilitan al autor la renuncia a parte de sus derechos, pero nunca a todos como es el caso del reconocimiento de autor\u00eda.<\/em><\/p>\n<p><em>Si utilizamos una imagen encontrada en\u00a0Internet (incluso citando al autor y la fuente original de la imagen), si esta no est\u00e1 licenciada de forma explicita para su\u00a0re-utilizaci\u00f3n\u00a0y re-distribuci\u00f3n estaremos infringiendo las leyes de Propiedad Intelectual y por lo tanto podremos ser demandados legalmente por el autor original\u00a0acus\u00e1ndonos de plagio.<\/em><\/p>\n<p>Dicho esto s\u00e9 que para el \u00e1mbito educativo hay excepciones. Yo no soy un experto y a nadie se le escapa que el tema puede ser tremendamente complejo, as\u00ed que he recurrido al mismo Internet para aclarar conceptos y saber m\u00e1s sobre el asunto:<\/p>\n<ul>\n<li><a href=\"http:\/\/www.rtve.es\/television\/documentales\/copiad-malditos\/\" target=\"_blank\"><strong><em>\u00a1Copiad, malditos<\/em>!<\/strong> <\/a>es un\u00a0documental sobre los nuevos retos \u00e9ticos y morales sobre la <strong>propiedad intelectual<\/strong> que plantea la revoluci\u00f3n digital. Es el primer documental que emite TVE con licencia\u00a0<em><em>Creative Commons.<\/em><\/em><\/li>\n<\/ul>\n<ul>\n<li>Poner nuestros trabajos bajo una licencia Creative Commons no significa que no tengan copyright. Este tipo de licencias ofrecen algunos derechos a terceras personas bajo ciertas condiciones. \u00bfQu\u00e9 condiciones? <strong><strong><a href=\"http:\/\/creativecommons.org\/license\/?lang=es_ES\"><em>Esta web os permite escoger o unir las condiciones de la siguiente lista<\/em><\/a><\/strong><\/strong><\/li>\n<\/ul>\n<ul>\n<li><em><strong><a href=\"http:\/\/blog.loretahur.net\/2011\/11\/contenidos-digitales-y-propiedad-intelectual-en-la-educacion.html\" target=\"_blank\">Contenidos digitales y Propiedad Intelectual en la educaci\u00f3n<\/a><\/strong>.<\/em> Estupendo art\u00edculo con aclaraciones sobre el \u00abderecho a cita\u00bb y otras excepciones y\/o limitaciones de los derechos de autor tal como se presentan en la LPI (Ley de Protecci\u00f3n Intelectual)<\/li>\n<\/ul>\n<ul>\n<li><a href=\"http:\/\/www.riate.org\/version\/v1\/recursos\/navegablecursolicencias\/index.html\" target=\"_blank\"><em><strong>Creaci\u00f3n, reutilizaci\u00f3n y difusi\u00f3n de contenidos<\/strong><\/em><\/a>. Recurso del Instituto de Tecnolog\u00edas Educativas (ITE) en el que se tratan temas como licencias para docentes, acceso a recursos abiertos y descripci\u00f3n de situaciones con las que podemos encontrarnos los profesores.<\/li>\n<\/ul>\n<ul>\n<li><a href=\"https:\/\/www.youtube.com\/playlist?list=PL6kQim6ljTJulc4jrJteX32AWYSl2G5tT\" target=\"_blank\"><em><strong>Reutilizar recursos de Internet<\/strong><\/em><\/a>. Recopilaci\u00f3n de v\u00eddeos de la Universitat Polit\u00e8cnica de Val\u00e8ncia &#8211; UPV sobre el tema (curso libre)<\/li>\n<\/ul>\n<p>Adem\u00e1s y como ya hemos comentado en varias ocasiones ten\u00e9is a vuestra disposici\u00f3n una extensa <a href=\"https:\/\/diocesanos.es\/blogs\/equipotic\/paginas-de-interes\/\" target=\"_blank\">recopilaci\u00f3n de direcciones<\/a> de internet con recursos (m\u00fasica, im\u00e1genes, plantillas) a los que recurrir cuando necesit\u00e9is ese tipo de materiales.<\/p>\n","protected":false},"excerpt":{"rendered":"<p>Hoy nos reunimos la \u00abComisi\u00f3n TIC\u00bb y, sin haberlo previsto, hemos dedicado la mayor parte del tiempo a discutir sobre el (\u00bfbuen\/mal?) uso que hacemos, tanto los profesores como los alumnos, del material multimedia que \u00abrecolectamos\u00bb a trav\u00e9s de Internet para luego incorporarlo a nuestros trabajos, v\u00eddeos y presentaciones. Pregunta: \u00bfLas im\u00e1genes que puedo encontrar &hellip; <a href=\"https:\/\/diocesanos.es\/blogs\/equipotic\/2014\/05\/14\/licencias-de-uso-y-reutilizacion-de-recursos-de-internet\/\" class=\"more-link\">Seguir leyendo <span class=\"screen-reader-text\">Licencias de uso y reutilizaci\u00f3n de recursos de Internet<\/span> <span class=\"meta-nav\">&rarr;<\/span><\/a><\/p>\n","protected":false},"author":1,"featured_media":0,"comment_status":"open","ping_status":"open","sticky":false,"template":"","format":"standard","meta":{"footnotes":""},"categories":[15,40,59],"tags":[27,17,68,69,7],"class_list":["post-486","post","type-post","status-publish","format-standard","hentry","category-documentacion","category-formacion-2","category-leyes","tag-documentacion-2","tag-formacion","tag-leyes-2","tag-licencias","tag-web"],"_links":{"self":[{"href":"https:\/\/diocesanos.es\/blogs\/equipotic\/wp-json\/wp\/v2\/posts\/486","targetHints":{"allow":["GET"]}}],"collection":[{"href":"https:\/\/diocesanos.es\/blogs\/equipotic\/wp-json\/wp\/v2\/posts"}],"about":[{"href":"https:\/\/diocesanos.es\/blogs\/equipotic\/wp-json\/wp\/v2\/types\/post"}],"author":[{"embeddable":true,"href":"https:\/\/diocesanos.es\/blogs\/equipotic\/wp-json\/wp\/v2\/users\/1"}],"replies":[{"embeddable":true,"href":"https:\/\/diocesanos.es\/blogs\/equipotic\/wp-json\/wp\/v2\/comments?post=486"}],"version-history":[{"count":0,"href":"https:\/\/diocesanos.es\/blogs\/equipotic\/wp-json\/wp\/v2\/posts\/486\/revisions"}],"wp:attachment":[{"href":"https:\/\/diocesanos.es\/blogs\/equipotic\/wp-json\/wp\/v2\/media?parent=486"}],"wp:term":[{"taxonomy":"category","embeddable":true,"href":"https:\/\/diocesanos.es\/blogs\/equipotic\/wp-json\/wp\/v2\/categories?post=486"},{"taxonomy":"post_tag","embeddable":true,"href":"https:\/\/diocesanos.es\/blogs\/equipotic\/wp-json\/wp\/v2\/tags?post=486"}],"curies":[{"name":"wp","href":"https:\/\/api.w.org\/{rel}","templated":true}]}}