{"id":4379,"date":"2019-11-13T14:54:39","date_gmt":"2019-11-13T13:54:39","guid":{"rendered":"https:\/\/diocesanos.es\/blogs\/equipotic\/?p=4379"},"modified":"2019-11-13T14:54:39","modified_gmt":"2019-11-13T13:54:39","slug":"como-restaurar-automaticamente-el-fondo-de-escritorio","status":"publish","type":"post","link":"https:\/\/diocesanos.es\/blogs\/equipotic\/2019\/11\/13\/como-restaurar-automaticamente-el-fondo-de-escritorio\/","title":{"rendered":"C\u00f3mo restaurar autom\u00e1ticamente el fondo de escritorio"},"content":{"rendered":"\n<p>Hace tiempo describ\u00ed en un art\u00edculo (\u00ab<strong><a href=\"https:\/\/diocesanos.es\/blogs\/equipotic\/2017\/01\/12\/como-congelarrestaurar-la-configuracion-de-escritorio-del-alumno-al-iniciar-el-sistema\/\">C\u00f3mo congelar\/restaurar la configuraci\u00f3n de escritorio del alumno&#8230;<\/a><\/strong>\u00ab) la forma de asegurarnos un inicio de sesi\u00f3n de alumno controlado, deshaciendo cualquier cambio en la configuraci\u00f3n de aplicativos y apariencia realizados por el usuario anterior.<\/p>\n\n\n\n<figure class=\"wp-block-image size-large\"><img loading=\"lazy\" decoding=\"async\" width=\"768\" height=\"468\" src=\"https:\/\/diocesanos.es\/blogs\/equipotic\/wp-content\/uploads\/sites\/2\/2019\/11\/Laptopcongelado.jpg\" alt=\"\" class=\"wp-image-4380\" srcset=\"https:\/\/diocesanos.es\/blogs\/equipotic\/wp-content\/uploads\/sites\/2\/2019\/11\/Laptopcongelado.jpg 768w, https:\/\/diocesanos.es\/blogs\/equipotic\/wp-content\/uploads\/sites\/2\/2019\/11\/Laptopcongelado-300x183.jpg 300w\" sizes=\"auto, (max-width: 768px) 100vw, 768px\" \/><\/figure>\n\n\n\n<p>Con los nuevos entornos de escritorio he detectado un problema: en determinadas circunstancias los alumnos pod\u00edan cambiar de forma permanente la imagen de fondo del escritorio, y el siguiente en usar el ordenador se encontraba con la \u00absorpresa\u00bb.<\/p>\n\n\n\n<!--more-->\n\n\n\n<p>En el caso particular de Mate o Gnome contamos con la herramienta \u00ab<strong>dconf<\/strong>\u00ab, que nos da acceso a la configuraci\u00f3n del entorno del usuario de una manera muy similar al \u00abRegistro\u00bb de Windows. De hecho el equivalente gr\u00e1fico al \u00ab<strong>regedit<\/strong>\u00bb de Microsoft es el programa \u00ab<strong>dconf-editor<\/strong>\u00bb que permite navegar por la base de datos, consultar la documentaci\u00f3n de los par\u00e1metros y modificarlos.<\/p>\n\n\n\n<figure class=\"wp-block-image size-large\"><img loading=\"lazy\" decoding=\"async\" width=\"874\" height=\"719\" src=\"https:\/\/diocesanos.es\/blogs\/equipotic\/wp-content\/uploads\/sites\/2\/2019\/11\/Editor-de-dconf_164.png\" alt=\"\" class=\"wp-image-4381\" srcset=\"https:\/\/diocesanos.es\/blogs\/equipotic\/wp-content\/uploads\/sites\/2\/2019\/11\/Editor-de-dconf_164.png 874w, https:\/\/diocesanos.es\/blogs\/equipotic\/wp-content\/uploads\/sites\/2\/2019\/11\/Editor-de-dconf_164-300x247.png 300w, https:\/\/diocesanos.es\/blogs\/equipotic\/wp-content\/uploads\/sites\/2\/2019\/11\/Editor-de-dconf_164-768x632.png 768w\" sizes=\"auto, (max-width: 874px) 100vw, 874px\" \/><\/figure>\n\n\n\n<p>Pero si lo que se trata es de automatizar la recuperaci\u00f3n de toda o parte de la configuraci\u00f3n podemos hacerlo en dos sencillos pasos. Por ejemplo, para guardar la configuraci\u00f3n actual del fondo de pantalla (localizada en mi entorno <em>Mate<\/em> en la ruta \u00ab\/org\/mate\/desktop\/background\/\u00bb) podemos escribir en un terminal:<\/p>\n<pre><strong>dconf dump \/org\/mate\/desktop\/background\/ &gt; \/home\/fondo.cfg<\/strong><\/pre>\n<p>Que genera en mi caso un fichero con el siguiente contenido:<\/p>\n<pre>[\/]<br \/>color-shading-type='vertical-gradient'<br \/>primary-color='rgb(88,145,188)'<br \/>picture-options='zoom'<br \/>picture-filename='\/home\/fondo.jpg'<br \/>secondary-color='rgb(60,143,37)'<\/pre>\n<p>Por comodidad suelo guardarlo junto con la imagen de fondo en la carpeta \u00ab\/home\u00bb com\u00fan de los usuarios.\u00a0<\/p>\n<p>El segundo paso consistir\u00eda en a\u00f1adir al final del archivo \u00ab.profile\u00bb del usuario alumno la orden de recuperar esa configuraci\u00f3n al iniciar cada sesi\u00f3n. Basta con incluir la l\u00ednea:<\/p>\n<pre><strong>dconf load \/org\/mate\/desktop\/background\/ &lt; \/home\/fondo.cfg<\/strong><\/pre>\n<p>Combinado con el proceso descrito en el articulo citado al inicio del art\u00edculo ya no he vuelto a encontrarme \u00absorpresas\u00bb en las pantallas al iniciar los equipos. Esto no evitar\u00e1 que cambien la imagen en su sesi\u00f3n, pero recuperar\u00e1 la establecida por defecto en la siguiente.\u00a0<\/p>\n<p>Queda pendiente por parte del lector dar los permisos apropiados a los archivos para evitar modificaciones, y la experimentaci\u00f3n para encontrar otras \u00abrutas de configuraci\u00f3n\u00bb que le interese salvaguardar.<\/p>\n","protected":false},"excerpt":{"rendered":"<p>Hace tiempo describ\u00ed en un art\u00edculo (\u00abC\u00f3mo congelar\/restaurar la configuraci\u00f3n de escritorio del alumno&#8230;\u00ab) la forma de asegurarnos un inicio de sesi\u00f3n de alumno controlado, deshaciendo cualquier cambio en la configuraci\u00f3n de aplicativos y apariencia realizados por el usuario anterior. Con los nuevos entornos de escritorio he detectado un problema: en determinadas circunstancias los alumnos &hellip; <a href=\"https:\/\/diocesanos.es\/blogs\/equipotic\/2019\/11\/13\/como-restaurar-automaticamente-el-fondo-de-escritorio\/\" class=\"more-link\">Seguir leyendo <span class=\"screen-reader-text\">C\u00f3mo restaurar autom\u00e1ticamente el fondo de escritorio<\/span> <span class=\"meta-nav\">&rarr;<\/span><\/a><\/p>\n","protected":false},"author":292,"featured_media":0,"comment_status":"closed","ping_status":"closed","sticky":false,"template":"","format":"standard","meta":{"footnotes":""},"categories":[5,151],"tags":[101,4],"class_list":["post-4379","post","type-post","status-publish","format-standard","hentry","category-linux-2","category-trucos-2","tag-escritorio","tag-linux"],"_links":{"self":[{"href":"https:\/\/diocesanos.es\/blogs\/equipotic\/wp-json\/wp\/v2\/posts\/4379","targetHints":{"allow":["GET"]}}],"collection":[{"href":"https:\/\/diocesanos.es\/blogs\/equipotic\/wp-json\/wp\/v2\/posts"}],"about":[{"href":"https:\/\/diocesanos.es\/blogs\/equipotic\/wp-json\/wp\/v2\/types\/post"}],"author":[{"embeddable":true,"href":"https:\/\/diocesanos.es\/blogs\/equipotic\/wp-json\/wp\/v2\/users\/292"}],"replies":[{"embeddable":true,"href":"https:\/\/diocesanos.es\/blogs\/equipotic\/wp-json\/wp\/v2\/comments?post=4379"}],"version-history":[{"count":1,"href":"https:\/\/diocesanos.es\/blogs\/equipotic\/wp-json\/wp\/v2\/posts\/4379\/revisions"}],"predecessor-version":[{"id":4382,"href":"https:\/\/diocesanos.es\/blogs\/equipotic\/wp-json\/wp\/v2\/posts\/4379\/revisions\/4382"}],"wp:attachment":[{"href":"https:\/\/diocesanos.es\/blogs\/equipotic\/wp-json\/wp\/v2\/media?parent=4379"}],"wp:term":[{"taxonomy":"category","embeddable":true,"href":"https:\/\/diocesanos.es\/blogs\/equipotic\/wp-json\/wp\/v2\/categories?post=4379"},{"taxonomy":"post_tag","embeddable":true,"href":"https:\/\/diocesanos.es\/blogs\/equipotic\/wp-json\/wp\/v2\/tags?post=4379"}],"curies":[{"name":"wp","href":"https:\/\/api.w.org\/{rel}","templated":true}]}}