{"id":4247,"date":"2020-11-29T18:22:00","date_gmt":"2020-11-29T17:22:00","guid":{"rendered":"https:\/\/diocesanos.es\/blogs\/equipotic\/?p=4247"},"modified":"2020-11-29T18:22:18","modified_gmt":"2020-11-29T17:22:18","slug":"como-integrar-el-correo-de-educacyl-en-gsuite","status":"publish","type":"post","link":"https:\/\/diocesanos.es\/blogs\/equipotic\/2020\/11\/29\/como-integrar-el-correo-de-educacyl-en-gsuite\/","title":{"rendered":"C\u00f3mo integrar el correo de educaCyL en GSuite (Actualizado cuso 20-21)"},"content":{"rendered":"\n<p>Como profesores que imparten docencia en centros no universitarios de Castilla y Le\u00f3n contamos con una cuenta de correo \u00aboficial\u00bb tipo \u00ab<em>nombre<span class=\"st\">@educa.jcyl.es<\/span><\/em>\u00bb para los tr\u00e1mites con la Junta, en especial para la gesti\u00f3n de nuestros cursos de formaci\u00f3n.<\/p>\n\n\n\n<figure class=\"wp-block-image\"><img loading=\"lazy\" decoding=\"async\" width=\"682\" height=\"156\" src=\"https:\/\/diocesanos.es\/blogs\/equipotic\/wp-content\/uploads\/sites\/2\/2019\/10\/1.png\" alt=\"\" class=\"wp-image-4248\" srcset=\"https:\/\/diocesanos.es\/blogs\/equipotic\/wp-content\/uploads\/sites\/2\/2019\/10\/1.png 682w, https:\/\/diocesanos.es\/blogs\/equipotic\/wp-content\/uploads\/sites\/2\/2019\/10\/1-300x69.png 300w\" sizes=\"auto, (max-width: 682px) 100vw, 682px\" \/><\/figure>\n\n\n\n<p>Para centralizar todos los mensajes en un \u00fanico lugar (en nuestro caso en la gesti\u00f3n del correo de gmail) existe <del>dos<\/del> una posibilidad:<\/p>\n\n\n\n<!--more-->\n\n\n\n<h2><del>1 Reenv\u00edo de correos desde <em>educa.jcyl.es<\/em><\/del><\/h2>\n<table style=\"border-collapse: collapse; width: 100%;\">\n<tbody>\n<tr>\n<td style=\"width: 100%; border-style: solid; border-color: #ffd000; background-color: #ffff00;\">\u00abLe informamos que a partir del pr\u00f3ximo d\u00eda 1 de diciembre de 2020, debido a una actualizaci\u00f3n en las pol\u00edticas de seguridad de Microsoft, se desactivar\u00e1n las redirecciones aplicadas al correo electr\u00f3nico corporativo (@<a href=\"http:\/\/educa.jcyl.es\" target=\"_blank\" rel=\"noopener noreferrer\" data-saferedirecturl=\"https:\/\/www.google.com\/url?q=http:\/\/educa.jcyl.es&amp;source=gmail&amp;ust=1606754443240000&amp;usg=AFQjCNH1-JxLwY6KW5KGeJOCoVwrr67yxA\">educa.jcyl.es<\/a>).<br><br>Por esta raz\u00f3n, dejar\u00e1 de recibir en su cuenta de correo externa los mensajes enviados a su correo de Educacyl.\u00bb<\/td>\n<\/tr>\n<\/tbody>\n<\/table>\n\n\n\n<p>Importante: Si ten\u00edas configurado este m\u00e9todo acu\u00e9rdate de desactivarlo desde las opciones de la p\u00e1gina \u00abZona de usuario\u00bb -&gt; \u00abCorreo electr\u00f3nico \/ acceso web\u00bb desde Educacyl.<\/p>\n\n\n\n<figure class=\"wp-block-image size-large\"><img loading=\"lazy\" decoding=\"async\" width=\"387\" height=\"172\" src=\"https:\/\/diocesanos.es\/blogs\/equipotic\/wp-content\/uploads\/sites\/2\/2020\/11\/Captura-de-pantalla-de-2020-11-29-18-01-25.png\" alt=\"\" class=\"wp-image-4894\" srcset=\"https:\/\/diocesanos.es\/blogs\/equipotic\/wp-content\/uploads\/sites\/2\/2020\/11\/Captura-de-pantalla-de-2020-11-29-18-01-25.png 387w, https:\/\/diocesanos.es\/blogs\/equipotic\/wp-content\/uploads\/sites\/2\/2020\/11\/Captura-de-pantalla-de-2020-11-29-18-01-25-300x133.png 300w\" sizes=\"auto, (max-width: 387px) 100vw, 387px\" \/><\/figure>\n\n\n\n<figure class=\"wp-block-image size-large\"><img loading=\"lazy\" decoding=\"async\" width=\"794\" height=\"426\" src=\"https:\/\/diocesanos.es\/blogs\/equipotic\/wp-content\/uploads\/sites\/2\/2020\/11\/Peek-29-11-2020-18-02.gif\" alt=\"\" class=\"wp-image-4895\"\/><\/figure>\n\n\n\n<p>Igualmente, si configuraste un filtro para organizar el correo reenviado, puedes eliminarlo desde la configuraci\u00f3n de tu cuenta de gmail:<\/p>\n\n\n\n<figure class=\"wp-block-image size-large\"><img loading=\"lazy\" decoding=\"async\" width=\"1024\" height=\"318\" src=\"https:\/\/diocesanos.es\/blogs\/equipotic\/wp-content\/uploads\/sites\/2\/2020\/11\/Captura-de-pantalla-de-2020-11-29-18-11-29-1024x318.png\" alt=\"\" class=\"wp-image-4896\" srcset=\"https:\/\/diocesanos.es\/blogs\/equipotic\/wp-content\/uploads\/sites\/2\/2020\/11\/Captura-de-pantalla-de-2020-11-29-18-11-29-1024x318.png 1024w, https:\/\/diocesanos.es\/blogs\/equipotic\/wp-content\/uploads\/sites\/2\/2020\/11\/Captura-de-pantalla-de-2020-11-29-18-11-29-300x93.png 300w, https:\/\/diocesanos.es\/blogs\/equipotic\/wp-content\/uploads\/sites\/2\/2020\/11\/Captura-de-pantalla-de-2020-11-29-18-11-29-768x238.png 768w, https:\/\/diocesanos.es\/blogs\/equipotic\/wp-content\/uploads\/sites\/2\/2020\/11\/Captura-de-pantalla-de-2020-11-29-18-11-29.png 1235w\" sizes=\"auto, (max-width: 1024px) 100vw, 1024px\" \/><\/figure>\n\n\n\n<h2 class=\"wp-block-heading\">2. Acceso desde Gmail (POP) <\/h2>\n\n\n\n<p>El m\u00e9todo anterior habilitaba el reenv\u00edo de nuevos correos a partir del momento en que se activase dicho reenv\u00edo.&nbsp; La \u00fanica opci\u00f3n que nos queda&nbsp; es dejar que sea Gmail quien se descargue de la Junta los mensajes.<\/p>\n<p>Para ello abre el correo del Colegio desde la p\u00e1gina de \u00ab<a href=\"https:\/\/accounts.google.com\/signin\/v2\/identifier?continue=https%3A%2F%2Fmail.google.com%2Fmail%2F&amp;service=mail&amp;sacu=1&amp;rip=1&amp;flowName=GlifWebSignIn&amp;flowEntry=ServiceLogin\"><strong>gmail.com<\/strong><\/a>\u00bb e identif\u00edcate:<\/p>\n\n\n\n<figure class=\"wp-block-image\"><img loading=\"lazy\" decoding=\"async\" width=\"913\" height=\"561\" src=\"https:\/\/diocesanos.es\/blogs\/equipotic\/wp-content\/uploads\/sites\/2\/2019\/10\/a-1.png\" alt=\"\" class=\"wp-image-4264\" srcset=\"https:\/\/diocesanos.es\/blogs\/equipotic\/wp-content\/uploads\/sites\/2\/2019\/10\/a-1.png 913w, https:\/\/diocesanos.es\/blogs\/equipotic\/wp-content\/uploads\/sites\/2\/2019\/10\/a-1-300x184.png 300w, https:\/\/diocesanos.es\/blogs\/equipotic\/wp-content\/uploads\/sites\/2\/2019\/10\/a-1-768x472.png 768w\" sizes=\"auto, (max-width: 913px) 100vw, 913px\" \/><\/figure>\n\n\n\n<p>En la pantalla de mensajes recibidos pulsa sobre el icono de la rueda dentada para acceder a la opci\u00f3n de \u00ab<strong>Configuraci\u00f3n<\/strong>\u00ab:<\/p>\n\n\n\n<figure class=\"wp-block-image\"><img loading=\"lazy\" decoding=\"async\" width=\"944\" height=\"564\" src=\"https:\/\/diocesanos.es\/blogs\/equipotic\/wp-content\/uploads\/sites\/2\/2019\/10\/b-1.png\" alt=\"\" class=\"wp-image-4265\" srcset=\"https:\/\/diocesanos.es\/blogs\/equipotic\/wp-content\/uploads\/sites\/2\/2019\/10\/b-1.png 944w, https:\/\/diocesanos.es\/blogs\/equipotic\/wp-content\/uploads\/sites\/2\/2019\/10\/b-1-300x179.png 300w, https:\/\/diocesanos.es\/blogs\/equipotic\/wp-content\/uploads\/sites\/2\/2019\/10\/b-1-768x459.png 768w\" sizes=\"auto, (max-width: 944px) 100vw, 944px\" \/><\/figure>\n\n\n\n<p>De la lista de opciones de configuraci\u00f3n pulsa sobre \u00ab<strong>Cuentas e importaci\u00f3n<\/strong>\u00bb y busca el enlace \u00ab<strong>A\u00f1adir una cuenta de correo<\/strong>\u00bb&nbsp; en la secci\u00f3n \u00abConsultar el correo de otras cuentas\u00bb:<\/p>\n\n\n\n<figure class=\"wp-block-image\"><img loading=\"lazy\" decoding=\"async\" width=\"981\" height=\"478\" src=\"https:\/\/diocesanos.es\/blogs\/equipotic\/wp-content\/uploads\/sites\/2\/2019\/10\/P1.png\" alt=\"\" class=\"wp-image-4266\" srcset=\"https:\/\/diocesanos.es\/blogs\/equipotic\/wp-content\/uploads\/sites\/2\/2019\/10\/P1.png 981w, https:\/\/diocesanos.es\/blogs\/equipotic\/wp-content\/uploads\/sites\/2\/2019\/10\/P1-300x146.png 300w, https:\/\/diocesanos.es\/blogs\/equipotic\/wp-content\/uploads\/sites\/2\/2019\/10\/P1-768x374.png 768w\" sizes=\"auto, (max-width: 981px) 100vw, 981px\" \/><\/figure>\n\n\n\n<p>Aparecer\u00e1 una nueva ventana con un campo de formulario en el que debes introducir la direcci\u00f3n completa de la cuenta de la Junta y pulsar \u00ab<strong>Siguiente<\/strong>\u00ab:<\/p>\n\n\n\n<figure class=\"wp-block-image\"><img loading=\"lazy\" decoding=\"async\" width=\"644\" height=\"206\" src=\"https:\/\/diocesanos.es\/blogs\/equipotic\/wp-content\/uploads\/sites\/2\/2019\/10\/P2.png\" alt=\"\" class=\"wp-image-4267\" srcset=\"https:\/\/diocesanos.es\/blogs\/equipotic\/wp-content\/uploads\/sites\/2\/2019\/10\/P2.png 644w, https:\/\/diocesanos.es\/blogs\/equipotic\/wp-content\/uploads\/sites\/2\/2019\/10\/P2-300x96.png 300w\" sizes=\"auto, (max-width: 644px) 100vw, 644px\" \/><\/figure>\n\n\n\n<p>A continuaci\u00f3n introduce la contrase\u00f1a de acceso de dicha cuenta, marca todas las opciones y pulsa \u00ab<strong>A\u00f1adir cuenta<\/strong>\u00ab<\/p>\n\n\n\n<figure class=\"wp-block-image\"><img loading=\"lazy\" decoding=\"async\" width=\"644\" height=\"460\" src=\"https:\/\/diocesanos.es\/blogs\/equipotic\/wp-content\/uploads\/sites\/2\/2019\/10\/P3.png\" alt=\"\" class=\"wp-image-4268\" srcset=\"https:\/\/diocesanos.es\/blogs\/equipotic\/wp-content\/uploads\/sites\/2\/2019\/10\/P3.png 644w, https:\/\/diocesanos.es\/blogs\/equipotic\/wp-content\/uploads\/sites\/2\/2019\/10\/P3-300x214.png 300w\" sizes=\"auto, (max-width: 644px) 100vw, 644px\" \/><\/figure>\n\n\n\n<p><em>NOTA: En caso de error revisa bien la direcci\u00f3n y la clave introducidas y vuelve a intentarlo.<\/em><\/p>\n<p>Si todo ha ido bien se mostrar\u00e1 un mensaje como el de la siguiente figura. Selecciona \u00ab<strong>NO<\/strong>\u00bb a la pregunta \u00ab\u00bfTe gustar\u00eda enviar correos como&#8230;\u00bb y pulsa sobre \u00ab<strong>Finalizar<\/strong>\u00ab<\/p>\n\n\n\n<figure class=\"wp-block-image\"><img loading=\"lazy\" decoding=\"async\" width=\"650\" height=\"203\" src=\"https:\/\/diocesanos.es\/blogs\/equipotic\/wp-content\/uploads\/sites\/2\/2019\/10\/P4.png\" alt=\"\" class=\"wp-image-4269\" srcset=\"https:\/\/diocesanos.es\/blogs\/equipotic\/wp-content\/uploads\/sites\/2\/2019\/10\/P4.png 650w, https:\/\/diocesanos.es\/blogs\/equipotic\/wp-content\/uploads\/sites\/2\/2019\/10\/P4-300x94.png 300w\" sizes=\"auto, (max-width: 650px) 100vw, 650px\" \/><\/figure>\n\n\n\n<p>Y ya est\u00e1. Ahora entre las etiquetas que clasifican y agrupan tus mensajes ver\u00e1s una nueva en la que aparecer\u00e1n los correos antiguos y los que vayan llegando nuevos de la Junta de Castilla y Le\u00f3n.<\/p>\n\n\n\n<figure class=\"wp-block-image\"><img loading=\"lazy\" decoding=\"async\" width=\"1024\" height=\"526\" src=\"https:\/\/diocesanos.es\/blogs\/equipotic\/wp-content\/uploads\/sites\/2\/2019\/10\/P5-1024x526.png\" alt=\"\" class=\"wp-image-4270\" srcset=\"https:\/\/diocesanos.es\/blogs\/equipotic\/wp-content\/uploads\/sites\/2\/2019\/10\/P5-1024x526.png 1024w, https:\/\/diocesanos.es\/blogs\/equipotic\/wp-content\/uploads\/sites\/2\/2019\/10\/P5-300x154.png 300w, https:\/\/diocesanos.es\/blogs\/equipotic\/wp-content\/uploads\/sites\/2\/2019\/10\/P5-768x395.png 768w, https:\/\/diocesanos.es\/blogs\/equipotic\/wp-content\/uploads\/sites\/2\/2019\/10\/P5.png 1269w\" sizes=\"auto, (max-width: 1024px) 100vw, 1024px\" \/><\/figure>\n\n\n\n<table style=\"border-collapse: collapse; width: 100%;\">\n<tbody>\n<tr>\n<td style=\"width: 100%; background-color: #ffea00;\"><em><strong>IMPORTANTE! A diferencia del primer m\u00e9todo descrito (reenv\u00edo) en este caso si cambia la contrase\u00f1a de la cuenta de la Junta debes actualizarla tambi\u00e9n en la configuraci\u00f3n de recogida en gmail:<\/strong><\/em><\/td>\n<\/tr>\n<\/tbody>\n<\/table>\n\n\n\n<figure class=\"wp-block-image\"><img loading=\"lazy\" decoding=\"async\" width=\"920\" height=\"552\" src=\"https:\/\/diocesanos.es\/blogs\/equipotic\/wp-content\/uploads\/sites\/2\/2019\/10\/P6.png\" alt=\"\" class=\"wp-image-4271\" srcset=\"https:\/\/diocesanos.es\/blogs\/equipotic\/wp-content\/uploads\/sites\/2\/2019\/10\/P6.png 920w, https:\/\/diocesanos.es\/blogs\/equipotic\/wp-content\/uploads\/sites\/2\/2019\/10\/P6-300x180.png 300w, https:\/\/diocesanos.es\/blogs\/equipotic\/wp-content\/uploads\/sites\/2\/2019\/10\/P6-768x461.png 768w\" sizes=\"auto, (max-width: 920px) 100vw, 920px\" \/><\/figure>\n","protected":false},"excerpt":{"rendered":"<p>Como profesores que imparten docencia en centros no universitarios de Castilla y Le\u00f3n contamos con una cuenta de correo \u00aboficial\u00bb tipo \u00abnombre@educa.jcyl.es\u00bb para los tr\u00e1mites con la Junta, en especial para la gesti\u00f3n de nuestros cursos de formaci\u00f3n. Para centralizar todos los mensajes en un \u00fanico lugar (en nuestro caso en la gesti\u00f3n del correo &hellip; <a href=\"https:\/\/diocesanos.es\/blogs\/equipotic\/2020\/11\/29\/como-integrar-el-correo-de-educacyl-en-gsuite\/\" class=\"more-link\">Seguir leyendo <span class=\"screen-reader-text\">C\u00f3mo integrar el correo de educaCyL en GSuite (Actualizado cuso 20-21)<\/span> <span class=\"meta-nav\">&rarr;<\/span><\/a><\/p>\n","protected":false},"author":292,"featured_media":0,"comment_status":"closed","ping_status":"closed","sticky":false,"template":"","format":"standard","meta":{"footnotes":""},"categories":[258],"tags":[262],"class_list":["post-4247","post","type-post","status-publish","format-standard","hentry","category-google","tag-email"],"_links":{"self":[{"href":"https:\/\/diocesanos.es\/blogs\/equipotic\/wp-json\/wp\/v2\/posts\/4247","targetHints":{"allow":["GET"]}}],"collection":[{"href":"https:\/\/diocesanos.es\/blogs\/equipotic\/wp-json\/wp\/v2\/posts"}],"about":[{"href":"https:\/\/diocesanos.es\/blogs\/equipotic\/wp-json\/wp\/v2\/types\/post"}],"author":[{"embeddable":true,"href":"https:\/\/diocesanos.es\/blogs\/equipotic\/wp-json\/wp\/v2\/users\/292"}],"replies":[{"embeddable":true,"href":"https:\/\/diocesanos.es\/blogs\/equipotic\/wp-json\/wp\/v2\/comments?post=4247"}],"version-history":[{"count":3,"href":"https:\/\/diocesanos.es\/blogs\/equipotic\/wp-json\/wp\/v2\/posts\/4247\/revisions"}],"predecessor-version":[{"id":4898,"href":"https:\/\/diocesanos.es\/blogs\/equipotic\/wp-json\/wp\/v2\/posts\/4247\/revisions\/4898"}],"wp:attachment":[{"href":"https:\/\/diocesanos.es\/blogs\/equipotic\/wp-json\/wp\/v2\/media?parent=4247"}],"wp:term":[{"taxonomy":"category","embeddable":true,"href":"https:\/\/diocesanos.es\/blogs\/equipotic\/wp-json\/wp\/v2\/categories?post=4247"},{"taxonomy":"post_tag","embeddable":true,"href":"https:\/\/diocesanos.es\/blogs\/equipotic\/wp-json\/wp\/v2\/tags?post=4247"}],"curies":[{"name":"wp","href":"https:\/\/api.w.org\/{rel}","templated":true}]}}