{"id":3761,"date":"2016-11-02T14:28:14","date_gmt":"2016-11-02T13:28:14","guid":{"rendered":"https:\/\/diocesanos.es\/blogs\/equipotic\/?p=3761"},"modified":"2016-11-02T14:28:15","modified_gmt":"2016-11-02T13:28:15","slug":"solucionado-como-fijar-la-resolucion-de-pantalla-cuando-se-trabaja-con-proyectores","status":"publish","type":"post","link":"https:\/\/diocesanos.es\/blogs\/equipotic\/2016\/11\/02\/solucionado-como-fijar-la-resolucion-de-pantalla-cuando-se-trabaja-con-proyectores\/","title":{"rendered":"Solucionado: c\u00f3mo fijar la resoluci\u00f3n de pantalla cuando se trabaja con proyectores"},"content":{"rendered":"<p>Uno de los problemas m\u00e1s molestos con los que se encuentran los profesores en las aulas viene dado por la \u00abautoconfiguraci\u00f3n\u00bb que realizan los equipos cuando se conecta el monitor y un proyector de forma simult\u00e1nea mediante un cable en \u00abY\u00bb.<\/p>\n<p style=\"text-align: center;\"><a href=\"https:\/\/diocesanos.es\/blogs\/equipotic\/2016\/11\/02\/solucionado-como-fijar-la-resolucion-de-pantalla-cuando-se-trabaja-con-proyectores\/images\/\" rel=\"attachment wp-att-3762\"><img loading=\"lazy\" decoding=\"async\" class=\"aligncenter size-full wp-image-3762\" src=\"https:\/\/diocesanos.es\/blogs\/equipotic\/wp-content\/uploads\/sites\/2\/2016\/11\/images.jpeg\" alt=\"images\" width=\"266\" height=\"189\" \/><\/a><\/p>\n<p>En otras simplemente no se \u00abponen de acuerdo\u00bb la tarjeta gr\u00e1fica y el proyector para fijar la resoluci\u00f3n de trabajo apropiada, tomando en muchos casos una mayor no soportada por este \u00faltimo, y cuyo resultado viene a ser una \u00abpantalla en negro\u00bb de la que no pueden \u00absalir.\u00bb<\/p>\n<p><!--more--><\/p>\n<p>La soluci\u00f3n pasa por \u00abforzar\u00bb una resoluci\u00f3n de trabajo \u00abpor defecto\u00bb compatible tanto con el monitor como con el proyector, siendo la de 1024&#215;768 puntos la habitual.<\/p>\n<p>Para ello basta con crear un fichero de configuraci\u00f3n apropiado en el directorio \u00ab<em>\/usr\/share\/X11\/xorg.conf.d\/<\/em>\u00bb al que podemos llamar \u00ab<em>01-forzar1024.conf<\/em>\u00bb y con un contenido como este:<\/p>\n<pre style=\"font-size: 80%;\">Section \"Device\"\r\n\u00a0\u00a0\u00a0 Identifier\u00a0\u00a0\u00a0 \"Configured Video Device\"\r\nEndSection\r\n\r\nSection \"Monitor\"\r\n\u00a0\u00a0\u00a0 Identifier\u00a0\u00a0\u00a0 \"Configured Monitor\"\r\n\u00a0\u00a0\u00a0 HorizSync\u00a0\u00a0\u00a0\u00a0\u00a0\u00a0 30.0-62.0\r\n\u00a0\u00a0\u00a0 VertRefresh\u00a0\u00a0\u00a0\u00a0 50.0-70.0\r\nEndSection\r\n\r\nSection \"Screen\"\r\n\u00a0\u00a0\u00a0 Identifier\u00a0\u00a0\u00a0 \"Default Screen\"\r\n\u00a0\u00a0\u00a0 Monitor\u00a0\u00a0\u00a0\u00a0\u00a0\u00a0\u00a0 \"Configured Monitor\"\r\n\u00a0\u00a0\u00a0 Device\u00a0\u00a0\u00a0\u00a0\u00a0\u00a0\u00a0 \"Configured Video Device\"\r\n\u00a0\u00a0\u00a0 DefaultDepth\u00a0\u00a0\u00a0 24\r\n\u00a0\u00a0\u00a0 SubSection \"Display\"\r\n\u00a0\u00a0\u00a0\u00a0\u00a0\u00a0\u00a0 Depth\u00a0\u00a0\u00a0 24\r\n\u00a0\u00a0\u00a0\u00a0\u00a0\u00a0\u00a0 Modes\u00a0\u00a0\u00a0\u00a0 \"1024x768\" \"800x600\"\r\n\u00a0\u00a0\u00a0 EndSubSection<\/pre>\n<p>Para confirmar que funciona s\u00f3lo hay que reiniciar la sesi\u00f3n.<\/p>\n<p>&nbsp;<\/p>\n","protected":false},"excerpt":{"rendered":"<p>Uno de los problemas m\u00e1s molestos con los que se encuentran los profesores en las aulas viene dado por la \u00abautoconfiguraci\u00f3n\u00bb que realizan los equipos cuando se conecta el monitor y un proyector de forma simult\u00e1nea mediante un cable en \u00abY\u00bb. En otras simplemente no se \u00abponen de acuerdo\u00bb la tarjeta gr\u00e1fica y el proyector &hellip; <a href=\"https:\/\/diocesanos.es\/blogs\/equipotic\/2016\/11\/02\/solucionado-como-fijar-la-resolucion-de-pantalla-cuando-se-trabaja-con-proyectores\/\" class=\"more-link\">Seguir leyendo <span class=\"screen-reader-text\">Solucionado: c\u00f3mo fijar la resoluci\u00f3n de pantalla cuando se trabaja con proyectores<\/span> <span class=\"meta-nav\">&rarr;<\/span><\/a><\/p>\n","protected":false},"author":1,"featured_media":0,"comment_status":"closed","ping_status":"closed","sticky":false,"template":"","format":"standard","meta":{"footnotes":""},"categories":[5,151],"tags":[],"class_list":["post-3761","post","type-post","status-publish","format-standard","hentry","category-linux-2","category-trucos-2"],"_links":{"self":[{"href":"https:\/\/diocesanos.es\/blogs\/equipotic\/wp-json\/wp\/v2\/posts\/3761","targetHints":{"allow":["GET"]}}],"collection":[{"href":"https:\/\/diocesanos.es\/blogs\/equipotic\/wp-json\/wp\/v2\/posts"}],"about":[{"href":"https:\/\/diocesanos.es\/blogs\/equipotic\/wp-json\/wp\/v2\/types\/post"}],"author":[{"embeddable":true,"href":"https:\/\/diocesanos.es\/blogs\/equipotic\/wp-json\/wp\/v2\/users\/1"}],"replies":[{"embeddable":true,"href":"https:\/\/diocesanos.es\/blogs\/equipotic\/wp-json\/wp\/v2\/comments?post=3761"}],"version-history":[{"count":0,"href":"https:\/\/diocesanos.es\/blogs\/equipotic\/wp-json\/wp\/v2\/posts\/3761\/revisions"}],"wp:attachment":[{"href":"https:\/\/diocesanos.es\/blogs\/equipotic\/wp-json\/wp\/v2\/media?parent=3761"}],"wp:term":[{"taxonomy":"category","embeddable":true,"href":"https:\/\/diocesanos.es\/blogs\/equipotic\/wp-json\/wp\/v2\/categories?post=3761"},{"taxonomy":"post_tag","embeddable":true,"href":"https:\/\/diocesanos.es\/blogs\/equipotic\/wp-json\/wp\/v2\/tags?post=3761"}],"curies":[{"name":"wp","href":"https:\/\/api.w.org\/{rel}","templated":true}]}}