{"id":28,"date":"2012-11-18T01:51:19","date_gmt":"2012-11-18T01:51:19","guid":{"rendered":"https:\/\/diocesanos.es\/blogs\/equipotic\/?p=28"},"modified":"2014-05-02T20:37:57","modified_gmt":"2014-05-02T20:37:57","slug":"formacion-en-red-para-el-profesorado","status":"publish","type":"post","link":"https:\/\/diocesanos.es\/blogs\/equipotic\/2012\/11\/18\/formacion-en-red-para-el-profesorado\/","title":{"rendered":"Formaci\u00f3n en Red para el profesorado"},"content":{"rendered":"<div>Preparando la documentaci\u00f3n para dar forma al PLAN TIC me he topado con esta direcci\u00f3n:<\/div>\n<div><\/div>\n<div><a href=\"http:\/\/formacionprofesorado.educacion.es\/\" target=\"_blank\">http:\/\/formacionprofesorado.educacion.es\/<\/a><\/div>\n<div><\/div>\n<div>\u00abLa web Formaci\u00f3n del Profesorado es un servidor que pertenece al Instituto Nacional de Tecnolog\u00edas Educativas y de Formaci\u00f3n del Profesorado, dirigido al profesorado de centros sostenidos con fondos p\u00fablicos de niveles educativos no universitarios. Para su mantenimiento y actualizaci\u00f3n, un equipo de especialistas en el campo de la Educaci\u00f3n, las Tecnolog\u00edas de la Informaci\u00f3n y la Comunicaci\u00f3n y el dise\u00f1o gr\u00e1fico trabajamos diariamente para ofrecer al profesorado un sistema de formaci\u00f3n al que pueda acceder por medios telem\u00e1ticos desde sus hogares o centros educativos.\u00bb<\/div>\n","protected":false},"excerpt":{"rendered":"<p>Preparando la documentaci\u00f3n para dar forma al PLAN TIC me he topado con esta direcci\u00f3n: http:\/\/formacionprofesorado.educacion.es\/ \u00abLa web Formaci\u00f3n del Profesorado es un servidor que pertenece al Instituto Nacional de Tecnolog\u00edas Educativas y de Formaci\u00f3n del Profesorado, dirigido al profesorado de centros sostenidos con fondos p\u00fablicos de niveles educativos no universitarios. Para su mantenimiento y &hellip; <a href=\"https:\/\/diocesanos.es\/blogs\/equipotic\/2012\/11\/18\/formacion-en-red-para-el-profesorado\/\" class=\"more-link\">Seguir leyendo <span class=\"screen-reader-text\">Formaci\u00f3n en Red para el profesorado<\/span> <span class=\"meta-nav\">&rarr;<\/span><\/a><\/p>\n","protected":false},"author":1,"featured_media":0,"comment_status":"open","ping_status":"open","sticky":false,"template":"","format":"standard","meta":{"footnotes":""},"categories":[15],"tags":[17,18,7],"class_list":["post-28","post","type-post","status-publish","format-standard","hentry","category-documentacion","tag-formacion","tag-profesorado","tag-web"],"_links":{"self":[{"href":"https:\/\/diocesanos.es\/blogs\/equipotic\/wp-json\/wp\/v2\/posts\/28","targetHints":{"allow":["GET"]}}],"collection":[{"href":"https:\/\/diocesanos.es\/blogs\/equipotic\/wp-json\/wp\/v2\/posts"}],"about":[{"href":"https:\/\/diocesanos.es\/blogs\/equipotic\/wp-json\/wp\/v2\/types\/post"}],"author":[{"embeddable":true,"href":"https:\/\/diocesanos.es\/blogs\/equipotic\/wp-json\/wp\/v2\/users\/1"}],"replies":[{"embeddable":true,"href":"https:\/\/diocesanos.es\/blogs\/equipotic\/wp-json\/wp\/v2\/comments?post=28"}],"version-history":[{"count":0,"href":"https:\/\/diocesanos.es\/blogs\/equipotic\/wp-json\/wp\/v2\/posts\/28\/revisions"}],"wp:attachment":[{"href":"https:\/\/diocesanos.es\/blogs\/equipotic\/wp-json\/wp\/v2\/media?parent=28"}],"wp:term":[{"taxonomy":"category","embeddable":true,"href":"https:\/\/diocesanos.es\/blogs\/equipotic\/wp-json\/wp\/v2\/categories?post=28"},{"taxonomy":"post_tag","embeddable":true,"href":"https:\/\/diocesanos.es\/blogs\/equipotic\/wp-json\/wp\/v2\/tags?post=28"}],"curies":[{"name":"wp","href":"https:\/\/api.w.org\/{rel}","templated":true}]}}