{"id":2240,"date":"2015-05-19T21:12:35","date_gmt":"2015-05-19T19:12:35","guid":{"rendered":"https:\/\/diocesanos.es\/blogs\/equipotic\/?p=2240"},"modified":"2015-05-19T21:14:21","modified_gmt":"2015-05-19T19:14:21","slug":"permitir-el-telefono-movil-en-clase-penaliza-a-los-alumnos-con-peores-resultados","status":"publish","type":"post","link":"https:\/\/diocesanos.es\/blogs\/equipotic\/2015\/05\/19\/permitir-el-telefono-movil-en-clase-penaliza-a-los-alumnos-con-peores-resultados\/","title":{"rendered":"Permitir el tel\u00e9fono m\u00f3vil en clase penaliza a los alumnos con peores resultados"},"content":{"rendered":"<p><strong>Permitir la entrada del tel\u00e9fono m\u00f3vil en clase<\/strong> fuera del proceso de ense\u00f1anza-aprendizaje no solo no es beneficioso sino que afecta de manera especial a los alumnos con bajo rendimiento. Es lo que indica un estudio brit\u00e1nico de la Escuela de Econom\u00eda y Ciencia Pol\u00edtica de Londres, que ha recopilado datos sobre expedientes, porcentaje de adopci\u00f3n del tel\u00e9fono m\u00f3vil entre j\u00f3venes en edad escolar y la prohibici\u00f3n creciente del uso del tel\u00e9fono en centros escolares de Reino Unido.<\/p>\n<p style=\"text-align: center;\"><a href=\"https:\/\/diocesanos.es\/blogs\/equipotic\/wp-content\/uploads\/sites\/2\/2015\/05\/m1.jpeg\"><img loading=\"lazy\" decoding=\"async\" class=\"alignnone size-medium wp-image-2241\" src=\"https:\/\/diocesanos.es\/blogs\/equipotic\/wp-content\/uploads\/sites\/2\/2015\/05\/m1-300x195.jpeg\" alt=\"m1\" width=\"300\" height=\"195\" srcset=\"https:\/\/diocesanos.es\/blogs\/equipotic\/wp-content\/uploads\/sites\/2\/2015\/05\/m1-300x195.jpeg 300w, https:\/\/diocesanos.es\/blogs\/equipotic\/wp-content\/uploads\/sites\/2\/2015\/05\/m1.jpeg 650w\" sizes=\"auto, (max-width: 300px) 100vw, 300px\" \/><\/a><\/p>\n<p>Lejos de acompa\u00f1ar los resultados <strong><a href=\"http:\/\/www.nydailynews.com\/new-york\/dept-education-ends-cell-phone-ban-nyc-schools-article-1.2134970\">la idea<\/a><\/strong> de que permitir el tel\u00e9fono en clase de nuevo reducir\u00eda las desigualdades en clase, como est\u00e1 pasando en lugares como Nueva York, el estudio saca otras conclusiones: mientras que los mejores alumnos no ven afectados sus resultados por la presencia del tel\u00e9fono m\u00f3vil en clase, <strong>los que tienen peores resultados empeoran los suyos<\/strong>.<\/p>\n<p><!--more--><\/p>\n<h2>Usar el tel\u00e9fono m\u00f3vil equivale a necesitar una hora m\u00e1s de clase a la semana<\/h2>\n<p>Para el estudio, los investigadores de la Escuela de Econom\u00eda y Ciencia Pol\u00edtica de Londres han combinado los resultados obtenidos por los alumnos brit\u00e1nicos de cuatro ciudades de Reino Unido (Birmingham, Londres, Leicester y Manchester) en sus ex\u00e1menes con los reglamentos de los centros educativos p\u00fablicos en referencia a la prohibici\u00f3n del tel\u00e9fono m\u00f3vil en sus aulas, la cual no est\u00e1 reglada de forma general sino que depende de cada centro.<\/p>\n<p>El seguimiento se realiz\u00f3 <strong>desde 2001 hasta 2013 en la etapa de secundaria<\/strong>, desde los 11 a los 16 a\u00f1os, y teniendo en cuenta las notas de los ex\u00e1menes obligatorios y externos de cada ciclo. Solo se tuvieron en cuenta para el estudio los centros que o bien prohib\u00edan la entrada de tel\u00e9fonos en las aulas o los recog\u00edan al inicio de las clases, porcentaje que en 2012 supon\u00eda un 98% de los centros estudiados.<\/p>\n<p style=\"text-align: center;\"><a href=\"https:\/\/diocesanos.es\/blogs\/equipotic\/wp-content\/uploads\/sites\/2\/2015\/05\/m2.jpg\"><img loading=\"lazy\" decoding=\"async\" class=\"alignnone size-medium wp-image-2242\" src=\"https:\/\/diocesanos.es\/blogs\/equipotic\/wp-content\/uploads\/sites\/2\/2015\/05\/m2-300x169.jpg\" alt=\"m2\" width=\"300\" height=\"169\" srcset=\"https:\/\/diocesanos.es\/blogs\/equipotic\/wp-content\/uploads\/sites\/2\/2015\/05\/m2-300x169.jpg 300w, https:\/\/diocesanos.es\/blogs\/equipotic\/wp-content\/uploads\/sites\/2\/2015\/05\/m2.jpg 624w\" sizes=\"auto, (max-width: 300px) 100vw, 300px\" \/><\/a><\/p>\n<p><strong><a href=\"http:\/\/theconversation.com\/how-smart-is-it-to-allow-students-to-use-mobile-phones-at-school-40621\">Los resultados<\/a><\/strong> en alumnos con un rendimiento que ya era bueno no variaron apenas, y se concluye en el estudio que la presencia de alumnos con tel\u00e9fonos m\u00f3viles en clase no afecta a sus notas. Todo lo contrario ocurre con los alumnos de bajo rendimiento: <strong>la decisi\u00f3n de no dejar entrar tel\u00e9fono en clase mejor\u00f3 sus resultados un 6.4%<\/strong> respecto a la desviaci\u00f3n t\u00edpica en los alumnos de \u00faltimo curso, donde la relevancia del uso del tel\u00e9fono m\u00f3vil est\u00e1 m\u00e1s extendido seg\u00fan los investigadores. En alumnos de menor edad, como los de 14 a\u00f1os, la presencia de tel\u00e9fonos no supuso variaci\u00f3n alguna de sus notas en los grupos en los a\u00f1os de seguimiento de resultados.<\/p>\n<p>Seg\u00fan datos del estudio, esta mejora experimentada en los alumnos se corresponder\u00eda con <strong>una asistencia de cinco d\u00edas extras a clase por a\u00f1o <\/strong>o la no necesidad de una hora extra de clase a la semana. Adem\u00e1s de los mejores datos entre alumnos con peores resultados acad\u00e9micos, que doblaban a los que obten\u00edan los que se manten\u00edan en notas medias, el estudio se\u00f1ala una mejora en el rendimiento sin tel\u00e9fonos m\u00f3viles de por medio en aquellos alumnos con necesidades educativas especiales y los de menor nivel econ\u00f3mico que dispon\u00edan de comedor gratis en los centros p\u00fablicos.<\/p>\n<p><em>Art\u00edculo original en <strong><a href=\"http:\/\/www.xataka.com\/moviles\/permitir-el-telefono-movil-en-clase-penaliza-a-los-alumnos-con-peores-resultados\" target=\"_blank\">xataka.com<\/a><\/strong><\/em><\/p>\n","protected":false},"excerpt":{"rendered":"<p>Permitir la entrada del tel\u00e9fono m\u00f3vil en clase fuera del proceso de ense\u00f1anza-aprendizaje no solo no es beneficioso sino que afecta de manera especial a los alumnos con bajo rendimiento. Es lo que indica un estudio brit\u00e1nico de la Escuela de Econom\u00eda y Ciencia Pol\u00edtica de Londres, que ha recopilado datos sobre expedientes, porcentaje de &hellip; <a href=\"https:\/\/diocesanos.es\/blogs\/equipotic\/2015\/05\/19\/permitir-el-telefono-movil-en-clase-penaliza-a-los-alumnos-con-peores-resultados\/\" class=\"more-link\">Seguir leyendo <span class=\"screen-reader-text\">Permitir el tel\u00e9fono m\u00f3vil en clase penaliza a los alumnos con peores resultados<\/span> <span class=\"meta-nav\">&rarr;<\/span><\/a><\/p>\n","protected":false},"author":1,"featured_media":0,"comment_status":"closed","ping_status":"closed","sticky":false,"template":"","format":"standard","meta":{"footnotes":""},"categories":[73],"tags":[100],"class_list":["post-2240","post","type-post","status-publish","format-standard","hentry","category-informacion","tag-movil"],"_links":{"self":[{"href":"https:\/\/diocesanos.es\/blogs\/equipotic\/wp-json\/wp\/v2\/posts\/2240","targetHints":{"allow":["GET"]}}],"collection":[{"href":"https:\/\/diocesanos.es\/blogs\/equipotic\/wp-json\/wp\/v2\/posts"}],"about":[{"href":"https:\/\/diocesanos.es\/blogs\/equipotic\/wp-json\/wp\/v2\/types\/post"}],"author":[{"embeddable":true,"href":"https:\/\/diocesanos.es\/blogs\/equipotic\/wp-json\/wp\/v2\/users\/1"}],"replies":[{"embeddable":true,"href":"https:\/\/diocesanos.es\/blogs\/equipotic\/wp-json\/wp\/v2\/comments?post=2240"}],"version-history":[{"count":0,"href":"https:\/\/diocesanos.es\/blogs\/equipotic\/wp-json\/wp\/v2\/posts\/2240\/revisions"}],"wp:attachment":[{"href":"https:\/\/diocesanos.es\/blogs\/equipotic\/wp-json\/wp\/v2\/media?parent=2240"}],"wp:term":[{"taxonomy":"category","embeddable":true,"href":"https:\/\/diocesanos.es\/blogs\/equipotic\/wp-json\/wp\/v2\/categories?post=2240"},{"taxonomy":"post_tag","embeddable":true,"href":"https:\/\/diocesanos.es\/blogs\/equipotic\/wp-json\/wp\/v2\/tags?post=2240"}],"curies":[{"name":"wp","href":"https:\/\/api.w.org\/{rel}","templated":true}]}}