{"id":1908,"date":"2015-03-25T11:50:22","date_gmt":"2015-03-25T10:50:22","guid":{"rendered":"https:\/\/diocesanos.es\/blogs\/equipotic\/?p=1908"},"modified":"2015-03-26T12:00:21","modified_gmt":"2015-03-26T11:00:21","slug":"25-de-marzo-dia-del-documento-libre","status":"publish","type":"post","link":"https:\/\/diocesanos.es\/blogs\/equipotic\/2015\/03\/25\/25-de-marzo-dia-del-documento-libre\/","title":{"rendered":"25 de marzo, D\u00eda del Documento Libre"},"content":{"rendered":"<p>Como todos los a\u00f1os desde 2008 a finales de marzo, la <strong><a href=\"https:\/\/fsfe.org\/index.es.html\" target=\"_blank\">Fundaci\u00f3n para la Programaci\u00f3n Libre de Europa<\/a><\/strong> convoca el <strong><a href=\"http:\/\/documentfreedom.org\/index.es.html\" target=\"_blank\">D\u00eda del Documento Libre<\/a><\/strong>. Se organizan <strong><a href=\"http:\/\/documentfreedom.org\/events\/events.es.html\" target=\"_blank\">eventos por todo el mundo<\/a><\/strong> para promover los est\u00e1ndares abiertos para la codificaci\u00f3n de datos, permitiendo que cualquier programador pueda crear sus propias herramientas para trabajar con los datos o para convertirlos de formato.<\/p>\n<p style=\"text-align: center;\"><a href=\"https:\/\/diocesanos.es\/blogs\/equipotic\/wp-content\/uploads\/sites\/2\/2015\/03\/document-freedom-day-2015.jpg\"><img loading=\"lazy\" decoding=\"async\" class=\"alignnone size-medium wp-image-1909\" src=\"https:\/\/diocesanos.es\/blogs\/equipotic\/wp-content\/uploads\/sites\/2\/2015\/03\/document-freedom-day-2015-300x167.jpg\" alt=\"document-freedom-day-2015\" width=\"300\" height=\"167\" srcset=\"https:\/\/diocesanos.es\/blogs\/equipotic\/wp-content\/uploads\/sites\/2\/2015\/03\/document-freedom-day-2015-300x167.jpg 300w, https:\/\/diocesanos.es\/blogs\/equipotic\/wp-content\/uploads\/sites\/2\/2015\/03\/document-freedom-day-2015-672x372.jpg 672w, https:\/\/diocesanos.es\/blogs\/equipotic\/wp-content\/uploads\/sites\/2\/2015\/03\/document-freedom-day-2015.jpg 830w\" sizes=\"auto, (max-width: 300px) 100vw, 300px\" \/><\/a><\/p>\n<p>Es una celebraci\u00f3n relacionada con la compatibilidad, pues lo que se trata de evitar es perder los datos que est\u00e1n codificados de forma indocumentada cuando el formato se queda sin soporte. Para los seguidores de las Celebraciones TIC Internacionales, la <a href=\"http:\/\/www.ati.es\/\" target=\"_blank\">Asociaci\u00f3n de T\u00e9cnicos de Inform\u00e1tica<\/a> mantiene un <a href=\"https:\/\/www.google.com\/calendar\/embed?src=atinet.es_8as8kj0nsu2ipbfei1lckmpgc8%40group.calendar.google.com&amp;ctz=Europe\/Madrid\" target=\"_blank\">Calendario de celebraciones internacionales dedicadas a las Tecnolog\u00edas de la Informaci\u00f3n y las Comunicaciones<\/a>.<\/p>\n","protected":false},"excerpt":{"rendered":"<p>Como todos los a\u00f1os desde 2008 a finales de marzo, la Fundaci\u00f3n para la Programaci\u00f3n Libre de Europa convoca el D\u00eda del Documento Libre. Se organizan eventos por todo el mundo para promover los est\u00e1ndares abiertos para la codificaci\u00f3n de datos, permitiendo que cualquier programador pueda crear sus propias herramientas para trabajar con los datos &hellip; <a href=\"https:\/\/diocesanos.es\/blogs\/equipotic\/2015\/03\/25\/25-de-marzo-dia-del-documento-libre\/\" class=\"more-link\">Seguir leyendo <span class=\"screen-reader-text\">25 de marzo, D\u00eda del Documento Libre<\/span> <span class=\"meta-nav\">&rarr;<\/span><\/a><\/p>\n","protected":false},"author":1,"featured_media":0,"comment_status":"closed","ping_status":"closed","sticky":false,"template":"","format":"standard","meta":{"footnotes":""},"categories":[73],"tags":[57],"class_list":["post-1908","post","type-post","status-publish","format-standard","hentry","category-informacion","tag-ofimatica"],"_links":{"self":[{"href":"https:\/\/diocesanos.es\/blogs\/equipotic\/wp-json\/wp\/v2\/posts\/1908","targetHints":{"allow":["GET"]}}],"collection":[{"href":"https:\/\/diocesanos.es\/blogs\/equipotic\/wp-json\/wp\/v2\/posts"}],"about":[{"href":"https:\/\/diocesanos.es\/blogs\/equipotic\/wp-json\/wp\/v2\/types\/post"}],"author":[{"embeddable":true,"href":"https:\/\/diocesanos.es\/blogs\/equipotic\/wp-json\/wp\/v2\/users\/1"}],"replies":[{"embeddable":true,"href":"https:\/\/diocesanos.es\/blogs\/equipotic\/wp-json\/wp\/v2\/comments?post=1908"}],"version-history":[{"count":0,"href":"https:\/\/diocesanos.es\/blogs\/equipotic\/wp-json\/wp\/v2\/posts\/1908\/revisions"}],"wp:attachment":[{"href":"https:\/\/diocesanos.es\/blogs\/equipotic\/wp-json\/wp\/v2\/media?parent=1908"}],"wp:term":[{"taxonomy":"category","embeddable":true,"href":"https:\/\/diocesanos.es\/blogs\/equipotic\/wp-json\/wp\/v2\/categories?post=1908"},{"taxonomy":"post_tag","embeddable":true,"href":"https:\/\/diocesanos.es\/blogs\/equipotic\/wp-json\/wp\/v2\/tags?post=1908"}],"curies":[{"name":"wp","href":"https:\/\/api.w.org\/{rel}","templated":true}]}}