{"id":1243,"date":"2014-11-28T12:33:41","date_gmt":"2014-11-28T11:33:41","guid":{"rendered":"https:\/\/diocesanos.es\/blogs\/equipotic\/?p=1243"},"modified":"2014-11-26T14:40:13","modified_gmt":"2014-11-26T13:40:13","slug":"como-crear-un-dvd-con-capitulos-devede","status":"publish","type":"post","link":"https:\/\/diocesanos.es\/blogs\/equipotic\/2014\/11\/28\/como-crear-un-dvd-con-capitulos-devede\/","title":{"rendered":"C\u00f3mo crear un DVD con cap\u00edtulos: Devede"},"content":{"rendered":"<p>Ayer me pidieron crear un DVD para poder reproducirlo en un dispositivo \u00abde sal\u00f3n\u00bb, en concreto en un modelo de los \u00abantiguos\u00bb que no es capaz de reproducir archivos en DIVx, AVIs y similares. Ya ten\u00edan creados los archivos de los v\u00eddeos (unas presentaciones de fotos con sus efectos y m\u00fasica de fondo creados con programas de los que hablar\u00e9 en otra ocaci\u00f3n) en formato .MP4, y ah\u00ed estaba el problema: no val\u00eda con copiarlos directamente a un DVD.<\/p>\n<p style=\"text-align: center;\"><a href=\"https:\/\/diocesanos.es\/blogs\/equipotic\/wp-content\/uploads\/sites\/2\/2014\/11\/Captura-de-pantalla-de-2014-11-26-125036.png\"><img loading=\"lazy\" decoding=\"async\" class=\"alignnone size-medium wp-image-1244\" src=\"https:\/\/diocesanos.es\/blogs\/equipotic\/wp-content\/uploads\/sites\/2\/2014\/11\/Captura-de-pantalla-de-2014-11-26-125036-300x254.png\" alt=\"Captura de pantalla de 2014-11-26 12:50:36\" width=\"300\" height=\"254\" srcset=\"https:\/\/diocesanos.es\/blogs\/equipotic\/wp-content\/uploads\/sites\/2\/2014\/11\/Captura-de-pantalla-de-2014-11-26-125036-300x254.png 300w, https:\/\/diocesanos.es\/blogs\/equipotic\/wp-content\/uploads\/sites\/2\/2014\/11\/Captura-de-pantalla-de-2014-11-26-125036.png 380w\" sizes=\"auto, (max-width: 300px) 100vw, 300px\" \/><\/a><\/p>\n<p>Reconozco que hace ya mucho tiempo que no trabajo con este tipo particular de proyectos,\u00a0 por lo que ten\u00eda algo oxidados los conocimientos y las referencias a las herramientas necesarias. Despu\u00e9s de varios intentos infructuosos con aplicaciones como \u00abHandBrake\u00bb, \u00abWinFF\u00bb, \u00abOpenShot\u00bb, \u00abBrasero\u00bb y \u00abK3B\u00bb (y no por los programas en s\u00ed) recorde la existencia de una sencilla herramienta llamada <a href=\"http:\/\/www.rastersoft.com\/programas\/devede_es.html\" target=\"_blank\"><strong>DeVeDe<\/strong><\/a>.<\/p>\n<p><!--more--><\/p>\n<div class=\"colleft\">\n<div id=\"content\" class=\"col4\">\n<article id=\"post-8711\" class=\"post-8711 page type-page status-publish hentry\">\n<div class=\"entry\">\n<div>DeVeDe se encuentra en los repositorios de muchas distribuciones. Si no es vuestro caso, pod\u00e9is descargarlo desde la web oficial del programa: <a href=\"http:\/\/www.rastersoft.com\/programas\/devede_es.html\" target=\"_blank\">rastersoft.com<\/a>.<\/div>\n<div><\/div>\n<div>Una vez instalado DeVeDe, lo ejecutamos para encontrarnos con la siguiente ventana de opciones:<\/div>\n<div><\/div>\n<div style=\"text-align: center;\"><a href=\"https:\/\/diocesanos.es\/blogs\/equipotic\/wp-content\/uploads\/sites\/2\/2014\/11\/Captura-de-pantalla-de-2014-11-26-125021.png\"><img loading=\"lazy\" decoding=\"async\" class=\"alignnone size-medium wp-image-1245\" src=\"https:\/\/diocesanos.es\/blogs\/equipotic\/wp-content\/uploads\/sites\/2\/2014\/11\/Captura-de-pantalla-de-2014-11-26-125021-300x204.png\" alt=\"Captura de pantalla de 2014-11-26 12:50:21\" width=\"300\" height=\"204\" srcset=\"https:\/\/diocesanos.es\/blogs\/equipotic\/wp-content\/uploads\/sites\/2\/2014\/11\/Captura-de-pantalla-de-2014-11-26-125021-300x204.png 300w, https:\/\/diocesanos.es\/blogs\/equipotic\/wp-content\/uploads\/sites\/2\/2014\/11\/Captura-de-pantalla-de-2014-11-26-125021.png 652w\" sizes=\"auto, (max-width: 300px) 100vw, 300px\" \/><\/a><\/div>\n<div><\/div>\n<div>\n<p>En el caso que nos ocupa, elegimos la primera opci\u00f3n, V\u00eddeo DVD. Lo siguiente que encontraremos es la interfaz principal del programa, con todas las opciones disponibles para la construcci\u00f3n de nuestro men\u00fa:<\/p>\n<p style=\"text-align: center;\"><a href=\"https:\/\/diocesanos.es\/blogs\/equipotic\/wp-content\/uploads\/sites\/2\/2014\/11\/Captura-de-pantalla-de-2014-11-26-125715.png\"><img loading=\"lazy\" decoding=\"async\" class=\"alignnone size-medium wp-image-1246\" src=\"https:\/\/diocesanos.es\/blogs\/equipotic\/wp-content\/uploads\/sites\/2\/2014\/11\/Captura-de-pantalla-de-2014-11-26-125715-300x198.png\" alt=\"Captura de pantalla de 2014-11-26 12:57:15\" width=\"300\" height=\"198\" srcset=\"https:\/\/diocesanos.es\/blogs\/equipotic\/wp-content\/uploads\/sites\/2\/2014\/11\/Captura-de-pantalla-de-2014-11-26-125715-300x198.png 300w, https:\/\/diocesanos.es\/blogs\/equipotic\/wp-content\/uploads\/sites\/2\/2014\/11\/Captura-de-pantalla-de-2014-11-26-125715.png 867w\" sizes=\"auto, (max-width: 300px) 100vw, 300px\" \/><\/a><\/p>\n<\/div>\n<div>\n<p>Para empezar, elegimos el tama\u00f1o del DVD que deseemos. En este ejemplo, elegimos un DVD de 4,7 GB en <em>Tama\u00f1o del disco<\/em>.<\/p>\n<p>En este ejemplo, realizaremos un men\u00fa que recoja el acceso a varios v\u00eddeos que queremos agrupar en el mismo disco. Empezaremos por dirigirnos al espacio de <em>T\u00edtulos<\/em> (arriba a la izquierda); seleccionamos \u00abT\u00edtulo 1\u00bb y clicamos en <em>Propiedades<\/em>. Encontraremos la siguiente ventana de opciones:<\/p>\n<\/div>\n<div style=\"text-align: center;\"><a href=\"https:\/\/diocesanos.es\/blogs\/equipotic\/wp-content\/uploads\/sites\/2\/2014\/11\/Captura-de-pantalla-de-2014-11-26-130409.png\"><img loading=\"lazy\" decoding=\"async\" class=\"alignnone size-medium wp-image-1247\" src=\"https:\/\/diocesanos.es\/blogs\/equipotic\/wp-content\/uploads\/sites\/2\/2014\/11\/Captura-de-pantalla-de-2014-11-26-130409-300x200.png\" alt=\"Captura de pantalla de 2014-11-26 13:04:09\" width=\"300\" height=\"200\" srcset=\"https:\/\/diocesanos.es\/blogs\/equipotic\/wp-content\/uploads\/sites\/2\/2014\/11\/Captura-de-pantalla-de-2014-11-26-130409-300x200.png 300w, https:\/\/diocesanos.es\/blogs\/equipotic\/wp-content\/uploads\/sites\/2\/2014\/11\/Captura-de-pantalla-de-2014-11-26-130409.png 432w\" sizes=\"auto, (max-width: 300px) 100vw, 300px\" \/><\/a><\/div>\n<div style=\"text-align: center;\"><\/div>\n<div>\n<p>En la casilla <em>Nombre del t\u00edtulo<\/em> debemos escribir el nombre del primer cap\u00edtulo o episodio de nuestro conjunto de v\u00eddeos. Si lo que estamos es creando un DVD con escenas que hayan de reproducirse una tras otra deber\u00e1s marcar tambi\u00e9n la opci\u00f3n \u00abReproducir el t\u00edtulo siguiente\u00bb.<\/p>\n<p>Elegido el t\u00edtulo, clicamos en <em>Aceptar<\/em> y luego nos dirigimos a la ventana de <em>Archivos<\/em> (arriba a la derecha), en la interfaz principal del programa. Clicamos en \u00abA\u00f1adir\u00bb y aparecer\u00e1 el siguiente formulario:<\/p>\n<\/div>\n<div style=\"text-align: center;\"><a href=\"https:\/\/diocesanos.es\/blogs\/equipotic\/wp-content\/uploads\/sites\/2\/2014\/11\/Captura-de-pantalla-de-2014-11-26-140648.png\"><img loading=\"lazy\" decoding=\"async\" class=\"alignnone size-medium wp-image-1249\" src=\"https:\/\/diocesanos.es\/blogs\/equipotic\/wp-content\/uploads\/sites\/2\/2014\/11\/Captura-de-pantalla-de-2014-11-26-140648-300x151.png\" alt=\"Captura de pantalla de 2014-11-26 14:06:48\" width=\"300\" height=\"151\" srcset=\"https:\/\/diocesanos.es\/blogs\/equipotic\/wp-content\/uploads\/sites\/2\/2014\/11\/Captura-de-pantalla-de-2014-11-26-140648-300x151.png 300w, https:\/\/diocesanos.es\/blogs\/equipotic\/wp-content\/uploads\/sites\/2\/2014\/11\/Captura-de-pantalla-de-2014-11-26-140648.png 972w\" sizes=\"auto, (max-width: 300px) 100vw, 300px\" \/><\/a><\/div>\n<div><\/div>\n<div>Desplegamos las <em>Opciones avanzadas<\/em> (abajo) porque es probable que las usemos. Clicamos en la pesta\u00f1a <em>Archivo<\/em> para elegir un archivo de v\u00eddeo, que ser\u00e1 el que se reproducir\u00e1 al pulsar en el t\u00edtulo del primer episodio que hemos asignado en el paso anterior. Al elegirlo, nos encontraremos con lo siguiente:<\/div>\n<div><\/div>\n<div style=\"text-align: center;\"><a href=\"https:\/\/diocesanos.es\/blogs\/equipotic\/wp-content\/uploads\/sites\/2\/2014\/11\/Captura-de-pantalla-de-2014-11-26-141148.png\"><img loading=\"lazy\" decoding=\"async\" class=\"alignnone size-medium wp-image-1250\" src=\"https:\/\/diocesanos.es\/blogs\/equipotic\/wp-content\/uploads\/sites\/2\/2014\/11\/Captura-de-pantalla-de-2014-11-26-141148-300x237.png\" alt=\"Captura de pantalla de 2014-11-26 14:11:48\" width=\"300\" height=\"237\" srcset=\"https:\/\/diocesanos.es\/blogs\/equipotic\/wp-content\/uploads\/sites\/2\/2014\/11\/Captura-de-pantalla-de-2014-11-26-141148-300x237.png 300w, https:\/\/diocesanos.es\/blogs\/equipotic\/wp-content\/uploads\/sites\/2\/2014\/11\/Captura-de-pantalla-de-2014-11-26-141148.png 972w\" sizes=\"auto, (max-width: 300px) 100vw, 300px\" \/><\/a><\/div>\n<div><\/div>\n<div>\n<p><em><strong>NOTA<\/strong>: Las tasas de v\u00eddeo y audio deber\u00edan coincidir para que el tama\u00f1o del v\u00eddeo resultante no ocupe demasiado espacio en nuestro DVD, pero no es estrictamente necesario.<\/em><\/p>\n<p>Debemos realizar los mismos pasos realizados para cada uno de los cap\u00edtulos de nuestro DVD final, es decir, asignar un t\u00edtulo a cada v\u00eddeo y luego, elegir el v\u00eddeo que llevar\u00e1 ese nombre.<\/p>\n<p style=\"text-align: center;\"><a href=\"https:\/\/diocesanos.es\/blogs\/equipotic\/wp-content\/uploads\/sites\/2\/2014\/11\/Captura-de-pantalla-de-2014-11-26-141628.png\"><img loading=\"lazy\" decoding=\"async\" class=\"alignnone size-medium wp-image-1251\" src=\"https:\/\/diocesanos.es\/blogs\/equipotic\/wp-content\/uploads\/sites\/2\/2014\/11\/Captura-de-pantalla-de-2014-11-26-141628-300x198.png\" alt=\"Captura de pantalla de 2014-11-26 14:16:28\" width=\"300\" height=\"198\" srcset=\"https:\/\/diocesanos.es\/blogs\/equipotic\/wp-content\/uploads\/sites\/2\/2014\/11\/Captura-de-pantalla-de-2014-11-26-141628-300x198.png 300w, https:\/\/diocesanos.es\/blogs\/equipotic\/wp-content\/uploads\/sites\/2\/2014\/11\/Captura-de-pantalla-de-2014-11-26-141628.png 867w\" sizes=\"auto, (max-width: 300px) 100vw, 300px\" \/><\/a><\/p>\n<p style=\"text-align: left;\"><em><strong>NOTA<\/strong>: Si se sobrepasa el 100% de ocupaci\u00f3n\u00a0 puedes pulsar sobre el bot\u00f3n \u00abAjustar el espacio ocupado en disco\u00bb para recalcular los par\u00e1metros de cada v\u00eddeo autom\u00e1ticamente.<\/em><\/p>\n<p>Cuando nuestro DVD est\u00e9 casi lleno, en la interfaz principal del programa, clicamos en <em>Opciones del men\u00fa<\/em> para encontrarnos lo siguiente:<\/p>\n<\/div>\n<div style=\"text-align: center;\"><a href=\"https:\/\/diocesanos.es\/blogs\/equipotic\/wp-content\/uploads\/sites\/2\/2014\/11\/Captura-de-pantalla-de-2014-11-26-141950.png\"><img loading=\"lazy\" decoding=\"async\" class=\"alignnone size-medium wp-image-1252\" src=\"https:\/\/diocesanos.es\/blogs\/equipotic\/wp-content\/uploads\/sites\/2\/2014\/11\/Captura-de-pantalla-de-2014-11-26-141950-300x298.png\" alt=\"Captura de pantalla de 2014-11-26 14:19:50\" width=\"300\" height=\"298\" srcset=\"https:\/\/diocesanos.es\/blogs\/equipotic\/wp-content\/uploads\/sites\/2\/2014\/11\/Captura-de-pantalla-de-2014-11-26-141950-300x298.png 300w, https:\/\/diocesanos.es\/blogs\/equipotic\/wp-content\/uploads\/sites\/2\/2014\/11\/Captura-de-pantalla-de-2014-11-26-141950-150x150.png 150w, https:\/\/diocesanos.es\/blogs\/equipotic\/wp-content\/uploads\/sites\/2\/2014\/11\/Captura-de-pantalla-de-2014-11-26-141950.png 634w\" sizes=\"auto, (max-width: 300px) 100vw, 300px\" \/><\/a><\/div>\n<div><\/div>\n<div>\n<p>Estas son las opciones que\u00a0 debemos manejar para dar un aspecto personalizado a nuestro men\u00fa. Podemos asignar un t\u00edtulo al men\u00fa (o no), insertar un archivo de audio para que suene mientras los telespectadores elijan un episodio o archivo de v\u00eddeo, una imagen de fondo para el men\u00fa (en formato .png) elegir un tipo de fuente para las opciones de men\u00fa, su color, sombra, color y opacidad del fondo, etc. Pulsa sobre el bot\u00f3n \u00abVista previa del men\u00fa\u00bb para ver c\u00f3mo quedar\u00eda:<\/p>\n<p style=\"text-align: center;\"><a href=\"https:\/\/diocesanos.es\/blogs\/equipotic\/wp-content\/uploads\/sites\/2\/2014\/11\/Captura-de-pantalla-de-2014-11-26-143828.png\"><img loading=\"lazy\" decoding=\"async\" class=\"alignnone size-medium wp-image-1255\" src=\"https:\/\/diocesanos.es\/blogs\/equipotic\/wp-content\/uploads\/sites\/2\/2014\/11\/Captura-de-pantalla-de-2014-11-26-143828-300x272.png\" alt=\"Captura de pantalla de 2014-11-26 14:38:28\" width=\"300\" height=\"272\" srcset=\"https:\/\/diocesanos.es\/blogs\/equipotic\/wp-content\/uploads\/sites\/2\/2014\/11\/Captura-de-pantalla-de-2014-11-26-143828-300x272.png 300w, https:\/\/diocesanos.es\/blogs\/equipotic\/wp-content\/uploads\/sites\/2\/2014\/11\/Captura-de-pantalla-de-2014-11-26-143828.png 736w\" sizes=\"auto, (max-width: 300px) 100vw, 300px\" \/><\/a><\/p>\n<p>Una vez acabado ese paso, clicamos en<em> Aceptar<\/em> para volver a la interfaz principal del programa. Ah\u00ed, debemos clicar en <em>Ajustar el espacio ocupado en disco<\/em> y, al desplegar las <em>Opciones avanzadas<\/em>, marcar la casilla que deseemos.<\/p>\n<p>Antes de continuar conviene revisar las opciones del programa: men\u00fa \u00abEditar\u00bb -&gt; \u00abPreferencias\u00bb<\/p>\n<p style=\"text-align: center;\"><a href=\"https:\/\/diocesanos.es\/blogs\/equipotic\/wp-content\/uploads\/sites\/2\/2014\/11\/Captura-de-pantalla-de-2014-11-26-142428.png\"><img loading=\"lazy\" decoding=\"async\" class=\"alignnone size-medium wp-image-1253\" src=\"https:\/\/diocesanos.es\/blogs\/equipotic\/wp-content\/uploads\/sites\/2\/2014\/11\/Captura-de-pantalla-de-2014-11-26-142428-300x122.png\" alt=\"Captura de pantalla de 2014-11-26 14:24:28\" width=\"300\" height=\"122\" srcset=\"https:\/\/diocesanos.es\/blogs\/equipotic\/wp-content\/uploads\/sites\/2\/2014\/11\/Captura-de-pantalla-de-2014-11-26-142428-300x122.png 300w, https:\/\/diocesanos.es\/blogs\/equipotic\/wp-content\/uploads\/sites\/2\/2014\/11\/Captura-de-pantalla-de-2014-11-26-142428-672x276.png 672w, https:\/\/diocesanos.es\/blogs\/equipotic\/wp-content\/uploads\/sites\/2\/2014\/11\/Captura-de-pantalla-de-2014-11-26-142428.png 675w\" sizes=\"auto, (max-width: 300px) 100vw, 300px\" \/><\/a><\/p>\n<p>En mi caso, al contar con un procesador multin\u00facleo, marco la casilla <em>Usar optimizaciones para CPUs multin\u00facleo<\/em>.<\/p>\n<p>Al finalizar eso, s\u00f3lo nos queda clicar en <em>Aceptar<\/em> y nos encontraremos con la siguiente ventana de opciones:<\/p>\n<\/div>\n<div style=\"text-align: center;\"><a href=\"https:\/\/diocesanos.es\/blogs\/equipotic\/wp-content\/uploads\/sites\/2\/2014\/11\/Captura-de-pantalla-de-2014-11-26-142657.png\"><img loading=\"lazy\" decoding=\"async\" class=\"alignnone size-medium wp-image-1254\" src=\"https:\/\/diocesanos.es\/blogs\/equipotic\/wp-content\/uploads\/sites\/2\/2014\/11\/Captura-de-pantalla-de-2014-11-26-142657-300x179.png\" alt=\"Captura de pantalla de 2014-11-26 14:26:57\" width=\"300\" height=\"179\" srcset=\"https:\/\/diocesanos.es\/blogs\/equipotic\/wp-content\/uploads\/sites\/2\/2014\/11\/Captura-de-pantalla-de-2014-11-26-142657-300x179.png 300w, https:\/\/diocesanos.es\/blogs\/equipotic\/wp-content\/uploads\/sites\/2\/2014\/11\/Captura-de-pantalla-de-2014-11-26-142657.png 446w\" sizes=\"auto, (max-width: 300px) 100vw, 300px\" \/><\/a><\/div>\n<div><\/div>\n<div>Cuando finalice el proceso tendremos nuestro archivo \u00abmovie.iso\u00bb (es la opci\u00f3n por defecto) que podremos grabar sobre un disco DVD tantas veces queramos (con \u00abBrasero\u00bb, \u00abK3B\u00bb o desde las opciones del escritorio de Gnome).<\/div>\n<\/div>\n<\/article>\n<\/div>\n<\/div>\n","protected":false},"excerpt":{"rendered":"<p>Ayer me pidieron crear un DVD para poder reproducirlo en un dispositivo \u00abde sal\u00f3n\u00bb, en concreto en un modelo de los \u00abantiguos\u00bb que no es capaz de reproducir archivos en DIVx, AVIs y similares. Ya ten\u00edan creados los archivos de los v\u00eddeos (unas presentaciones de fotos con sus efectos y m\u00fasica de fondo creados con &hellip; <a href=\"https:\/\/diocesanos.es\/blogs\/equipotic\/2014\/11\/28\/como-crear-un-dvd-con-capitulos-devede\/\" class=\"more-link\">Seguir leyendo <span class=\"screen-reader-text\">C\u00f3mo crear un DVD con cap\u00edtulos: Devede<\/span> <span class=\"meta-nav\">&rarr;<\/span><\/a><\/p>\n","protected":false},"author":1,"featured_media":0,"comment_status":"closed","ping_status":"closed","sticky":false,"template":"","format":"standard","meta":{"footnotes":""},"categories":[15,6,63],"tags":[153,154],"class_list":["post-1243","post","type-post","status-publish","format-standard","hentry","category-documentacion","category-practicas","category-video-2","tag-dvd","tag-multimedia"],"_links":{"self":[{"href":"https:\/\/diocesanos.es\/blogs\/equipotic\/wp-json\/wp\/v2\/posts\/1243","targetHints":{"allow":["GET"]}}],"collection":[{"href":"https:\/\/diocesanos.es\/blogs\/equipotic\/wp-json\/wp\/v2\/posts"}],"about":[{"href":"https:\/\/diocesanos.es\/blogs\/equipotic\/wp-json\/wp\/v2\/types\/post"}],"author":[{"embeddable":true,"href":"https:\/\/diocesanos.es\/blogs\/equipotic\/wp-json\/wp\/v2\/users\/1"}],"replies":[{"embeddable":true,"href":"https:\/\/diocesanos.es\/blogs\/equipotic\/wp-json\/wp\/v2\/comments?post=1243"}],"version-history":[{"count":0,"href":"https:\/\/diocesanos.es\/blogs\/equipotic\/wp-json\/wp\/v2\/posts\/1243\/revisions"}],"wp:attachment":[{"href":"https:\/\/diocesanos.es\/blogs\/equipotic\/wp-json\/wp\/v2\/media?parent=1243"}],"wp:term":[{"taxonomy":"category","embeddable":true,"href":"https:\/\/diocesanos.es\/blogs\/equipotic\/wp-json\/wp\/v2\/categories?post=1243"},{"taxonomy":"post_tag","embeddable":true,"href":"https:\/\/diocesanos.es\/blogs\/equipotic\/wp-json\/wp\/v2\/tags?post=1243"}],"curies":[{"name":"wp","href":"https:\/\/api.w.org\/{rel}","templated":true}]}}