{"id":1011,"date":"2014-10-23T22:26:52","date_gmt":"2014-10-23T20:26:52","guid":{"rendered":"https:\/\/diocesanos.es\/blogs\/equipotic\/?p=1011"},"modified":"2014-10-16T22:45:50","modified_gmt":"2014-10-16T20:45:50","slug":"sustituir-calibri-y-cambria-en-libreoffice-por-fuentes-libres","status":"publish","type":"post","link":"https:\/\/diocesanos.es\/blogs\/equipotic\/2014\/10\/23\/sustituir-calibri-y-cambria-en-libreoffice-por-fuentes-libres\/","title":{"rendered":"Sustituir Calibri y Cambria en LibreOffice por fuentes libres"},"content":{"rendered":"<p>Para aquellos que en el puesto de trabajo utilizamos <em>Microsoft Windows<\/em>, hemos ido cambiando de tipograf\u00edas con las diferentes versiones de <strong>Office<\/strong>, pero siempre a tipos de letra propietarios. As\u00ed, estas fuentes no est\u00e1n disponibles de forma libre y gratuita, y si las quieres emplear en <strong>Ubuntu\u00a0<\/strong>o en otras versiones de de Office, a menos que pagues por ellas, estar\u00e1s infringiendo la ley, lo cual parece muy absurdo.<\/p>\n<p>Lo cierto es porque nos empe\u00f1amos en utilizar fuentes sujetas a <em>Copyright<\/em> cuando tenemos alternativas v\u00e1lidas que son libres para su uso, con permisos <em>Creative Commons<\/em>.<\/p>\n<p style=\"text-align: center;\"><a href=\"https:\/\/diocesanos.es\/blogs\/equipotic\/wp-content\/uploads\/sites\/2\/2014\/06\/tipografia.jpeg\"><img loading=\"lazy\" decoding=\"async\" class=\"alignnone size-full wp-image-655\" src=\"https:\/\/diocesanos.es\/blogs\/equipotic\/wp-content\/uploads\/sites\/2\/2014\/06\/tipografia.jpeg\" alt=\"tipografia\" width=\"215\" height=\"234\" \/><\/a><\/p>\n<p>As\u00ed pues, \u00bfCuales son las fuentes equivalentes de Calibri, Cambria, Arial, Verdana, etc\u2026?\u00bfComo reemplazarlas autom\u00e1ticamente en LibreOffice?<\/p>\n<p><!--more--><\/p>\n<h2 id=\"fuentes-equivalentes\">Fuentes equivalentes<\/h2>\n<p>Como las tipograf\u00edas <strong>Calibri<\/strong> y <strong>Cambria<\/strong> no se pueden utilizar en otros Sistemas Operativos, <strong>Google<\/strong> para su sistema operativo <strong>Chrome OS<\/strong> crea dos nuevas fuentes que son m\u00e9tricamente compatibles, es decir, puedes sustituir una fuente por otra en un documento sin que cambie el dise\u00f1o de p\u00e1gina.<\/p>\n<p>As\u00ed mismo, existen otras fuentes equivalentes para el resto de tipograf\u00edas mas habituales en el entorno Windows como son:<\/p>\n<ul>\n<li><strong>Arimo<\/strong> por <em>Arial<\/em><\/li>\n<\/ul>\n<p style=\"text-align: center;\"><a href=\"https:\/\/diocesanos.es\/blogs\/equipotic\/wp-content\/uploads\/sites\/2\/2014\/10\/Visor-de-tipograf\u00edas_402.png\"><img loading=\"lazy\" decoding=\"async\" class=\"alignnone size-medium wp-image-1012\" src=\"https:\/\/diocesanos.es\/blogs\/equipotic\/wp-content\/uploads\/sites\/2\/2014\/10\/Visor-de-tipograf\u00edas_402-300x163.png\" alt=\"Visor de tipograf\u00edas_402\" width=\"300\" height=\"163\" srcset=\"https:\/\/diocesanos.es\/blogs\/equipotic\/wp-content\/uploads\/sites\/2\/2014\/10\/Visor-de-tipograf\u00edas_402-300x163.png 300w, https:\/\/diocesanos.es\/blogs\/equipotic\/wp-content\/uploads\/sites\/2\/2014\/10\/Visor-de-tipograf\u00edas_402-1024x556.png 1024w, https:\/\/diocesanos.es\/blogs\/equipotic\/wp-content\/uploads\/sites\/2\/2014\/10\/Visor-de-tipograf\u00edas_402.png 1155w\" sizes=\"auto, (max-width: 300px) 100vw, 300px\" \/><\/a><\/p>\n<ul>\n<li><strong>Bitstream Vera Sans<\/strong> por <em>Verdana<\/em><\/li>\n<\/ul>\n<p style=\"text-align: center;\"><a href=\"https:\/\/diocesanos.es\/blogs\/equipotic\/wp-content\/uploads\/sites\/2\/2014\/10\/Visor-de-tipograf\u00edas_403.png\"><img loading=\"lazy\" decoding=\"async\" class=\"alignnone size-medium wp-image-1013\" src=\"https:\/\/diocesanos.es\/blogs\/equipotic\/wp-content\/uploads\/sites\/2\/2014\/10\/Visor-de-tipograf\u00edas_403-300x235.png\" alt=\"Visor de tipograf\u00edas_403\" width=\"300\" height=\"235\" srcset=\"https:\/\/diocesanos.es\/blogs\/equipotic\/wp-content\/uploads\/sites\/2\/2014\/10\/Visor-de-tipograf\u00edas_403-300x235.png 300w, https:\/\/diocesanos.es\/blogs\/equipotic\/wp-content\/uploads\/sites\/2\/2014\/10\/Visor-de-tipograf\u00edas_403.png 800w\" sizes=\"auto, (max-width: 300px) 100vw, 300px\" \/><\/a><\/p>\n<ul>\n<li><strong>Bitstream Charter<\/strong> por <em>Georgia<\/em> o <em>Times New Roman<\/em><\/li>\n<\/ul>\n<p style=\"text-align: center;\"><a href=\"https:\/\/diocesanos.es\/blogs\/equipotic\/wp-content\/uploads\/sites\/2\/2014\/10\/Visor-de-tipograf\u00edas_404.png\"><img loading=\"lazy\" decoding=\"async\" class=\"alignnone size-medium wp-image-1014\" src=\"https:\/\/diocesanos.es\/blogs\/equipotic\/wp-content\/uploads\/sites\/2\/2014\/10\/Visor-de-tipograf\u00edas_404-300x235.png\" alt=\"Visor de tipograf\u00edas_404\" width=\"300\" height=\"235\" srcset=\"https:\/\/diocesanos.es\/blogs\/equipotic\/wp-content\/uploads\/sites\/2\/2014\/10\/Visor-de-tipograf\u00edas_404-300x235.png 300w, https:\/\/diocesanos.es\/blogs\/equipotic\/wp-content\/uploads\/sites\/2\/2014\/10\/Visor-de-tipograf\u00edas_404.png 800w\" sizes=\"auto, (max-width: 300px) 100vw, 300px\" \/><\/a><\/p>\n<ul>\n<li><strong>Bitstream Vera Sans Mono<\/strong> por <em>Courier New<\/em><\/li>\n<\/ul>\n<p style=\"text-align: center;\"><a href=\"https:\/\/diocesanos.es\/blogs\/equipotic\/wp-content\/uploads\/sites\/2\/2014\/10\/Visor-de-tipograf\u00edas_405.png\"><img loading=\"lazy\" decoding=\"async\" class=\"alignnone size-medium wp-image-1015\" src=\"https:\/\/diocesanos.es\/blogs\/equipotic\/wp-content\/uploads\/sites\/2\/2014\/10\/Visor-de-tipograf\u00edas_405-300x184.png\" alt=\"Visor de tipograf\u00edas_405\" width=\"300\" height=\"184\" srcset=\"https:\/\/diocesanos.es\/blogs\/equipotic\/wp-content\/uploads\/sites\/2\/2014\/10\/Visor-de-tipograf\u00edas_405-300x184.png 300w, https:\/\/diocesanos.es\/blogs\/equipotic\/wp-content\/uploads\/sites\/2\/2014\/10\/Visor-de-tipograf\u00edas_405.png 1019w\" sizes=\"auto, (max-width: 300px) 100vw, 300px\" \/><\/a><\/p>\n<h3 id=\"instalaci\u00f3n\">Instalaci\u00f3n<\/h3>\n<p>Para instalar estas fuentes y poder utilizarlas en <strong>Ubuntu<\/strong> y derivados, tienes que instalar algunos paquetes, o bien desde el <strong>Centro de Software de Ubuntu<\/strong> o bien desde un emulador de terminal:<\/p>\n<pre class=\"prettyprint\"><code class=\" hljs lasso\">sudo apt<span class=\"hljs-attribute\">-get<\/span> install fonts<span class=\"hljs-attribute\">-crosextra<\/span><span class=\"hljs-attribute\">-carlito<\/span>\r\nsudo apt<span class=\"hljs-attribute\">-get<\/span> install fonts<span class=\"hljs-attribute\">-crosextra<\/span><span class=\"hljs-attribute\">-caladea<\/span>\r\nsudo apt<span class=\"hljs-attribute\">-get<\/span> install ttf<span class=\"hljs-attribute\">-bitstream<\/span><span class=\"hljs-attribute\">-vera<\/span><\/code><\/pre>\n<p>El resto de fuentes vienen instaladas por defecto en <strong>Ubuntu<\/strong>.<\/p>\n<h3 id=\"configurar-libreoffice\">Configurar LibreOffice<\/h3>\n<p>El \u00faltimo paso consiste en configurar LibreOffice para sustituir de forma autom\u00e1tica las fuentes comentadas por sus equivalentes. Para ello en <strong>Writer<\/strong> seleccionamos el men\u00fa \u00ab<em>Herramientas\u00bb -&gt; \u00abOpciones\u00bb -&gt; \u00abFuentes\u00bb<\/em> y a\u00f1adimos las fuentes que consideremos. Podemos elegir entre que este cambio sea <strong>solo en pantalla<\/strong> o bien que sea definitivo, dependiendo del uso definitivo que se vaya a hacer del archivo. En mi caso, los cambios son como se muestran en la siguiente imagen:<\/p>\n<p style=\"text-align: center;\"><a href=\"https:\/\/diocesanos.es\/blogs\/equipotic\/wp-content\/uploads\/sites\/2\/2014\/10\/Opciones-LibreOffice-Fuentes_406.png\"><img loading=\"lazy\" decoding=\"async\" class=\"alignnone size-medium wp-image-1016\" src=\"https:\/\/diocesanos.es\/blogs\/equipotic\/wp-content\/uploads\/sites\/2\/2014\/10\/Opciones-LibreOffice-Fuentes_406-300x157.png\" alt=\"Opciones - LibreOffice - Fuentes_406\" width=\"300\" height=\"157\" srcset=\"https:\/\/diocesanos.es\/blogs\/equipotic\/wp-content\/uploads\/sites\/2\/2014\/10\/Opciones-LibreOffice-Fuentes_406-300x157.png 300w, https:\/\/diocesanos.es\/blogs\/equipotic\/wp-content\/uploads\/sites\/2\/2014\/10\/Opciones-LibreOffice-Fuentes_406.png 1016w\" sizes=\"auto, (max-width: 300px) 100vw, 300px\" \/><\/a><\/p>\n<p style=\"text-align: left;\"><em>Art\u00edculo original: <a href=\"http:\/\/www.atareao.es\/ubuntu\/sustituir-calibri-y-cambria-en-libreoffice-por-fuentes-libres\/\" target=\"_blank\">www.atareao.es<\/a><\/em><\/p>\n<hr \/>\n","protected":false},"excerpt":{"rendered":"<p>Para aquellos que en el puesto de trabajo utilizamos Microsoft Windows, hemos ido cambiando de tipograf\u00edas con las diferentes versiones de Office, pero siempre a tipos de letra propietarios. As\u00ed, estas fuentes no est\u00e1n disponibles de forma libre y gratuita, y si las quieres emplear en Ubuntu\u00a0o en otras versiones de de Office, a menos &hellip; <a href=\"https:\/\/diocesanos.es\/blogs\/equipotic\/2014\/10\/23\/sustituir-calibri-y-cambria-en-libreoffice-por-fuentes-libres\/\" class=\"more-link\">Seguir leyendo <span class=\"screen-reader-text\">Sustituir Calibri y Cambria en LibreOffice por fuentes libres<\/span> <span class=\"meta-nav\">&rarr;<\/span><\/a><\/p>\n","protected":false},"author":1,"featured_media":0,"comment_status":"closed","ping_status":"closed","sticky":false,"template":"","format":"standard","meta":{"footnotes":""},"categories":[32],"tags":[117,79,116],"class_list":["post-1011","post","type-post","status-publish","format-standard","hentry","category-equipamiento","tag-configuracion","tag-libreoffice","tag-tipografias"],"_links":{"self":[{"href":"https:\/\/diocesanos.es\/blogs\/equipotic\/wp-json\/wp\/v2\/posts\/1011","targetHints":{"allow":["GET"]}}],"collection":[{"href":"https:\/\/diocesanos.es\/blogs\/equipotic\/wp-json\/wp\/v2\/posts"}],"about":[{"href":"https:\/\/diocesanos.es\/blogs\/equipotic\/wp-json\/wp\/v2\/types\/post"}],"author":[{"embeddable":true,"href":"https:\/\/diocesanos.es\/blogs\/equipotic\/wp-json\/wp\/v2\/users\/1"}],"replies":[{"embeddable":true,"href":"https:\/\/diocesanos.es\/blogs\/equipotic\/wp-json\/wp\/v2\/comments?post=1011"}],"version-history":[{"count":0,"href":"https:\/\/diocesanos.es\/blogs\/equipotic\/wp-json\/wp\/v2\/posts\/1011\/revisions"}],"wp:attachment":[{"href":"https:\/\/diocesanos.es\/blogs\/equipotic\/wp-json\/wp\/v2\/media?parent=1011"}],"wp:term":[{"taxonomy":"category","embeddable":true,"href":"https:\/\/diocesanos.es\/blogs\/equipotic\/wp-json\/wp\/v2\/categories?post=1011"},{"taxonomy":"post_tag","embeddable":true,"href":"https:\/\/diocesanos.es\/blogs\/equipotic\/wp-json\/wp\/v2\/tags?post=1011"}],"curies":[{"name":"wp","href":"https:\/\/api.w.org\/{rel}","templated":true}]}}